{"id":617,"date":"2009-06-15T22:18:11","date_gmt":"2009-06-15T21:18:11","guid":{"rendered":"http:\/\/www.azionecattolica.it\/net\/iopartecipo\/?p=617"},"modified":"2009-06-23T17:22:26","modified_gmt":"2009-06-23T16:22:26","slug":"gelmini-contestata","status":"publish","type":"post","link":"https:\/\/iopartecipo.azionecattolica.it\/?p=617","title":{"rendered":"Gelmini contestata"},"content":{"rendered":"<p>Le vacanze sono iniziate e molti si stanno gi\u00e0 godendo il meritato riposo in modo da arrivare carichi al campo nazionale&#8230;.Oppure studiano come me in attesa della maturit\u00e0! Intanto per\u00f2 la scuola italiana continua ad essere al centro di novit\u00e0 e allo stesso tempo di numerose polemiche&#8230;<\/p>\n<p>In settimana \u00e8 stato approvato dal CdM la riforma dei Licei, un mese fa quella degli istituti tecnici. E ancora si contina a protestare. Proteste che non sono nello stile proposto dal movimento; sapete bene come la pensa il msac in merito alle forme di protesta e di certo quello che \u00e8 successo oggi, a Milano, non \u00e8 una forma condivisibile.<\/p>\n<p>Sorge quindi spontanea una domanda: cosa si deve fare per far comprendere che il metodo da perseguire \u00e8 quello del dialogo, del confronto e non quello dello scontro; che, per utilizzare uno degli slogan della Mo.Ca., bisogna passare, ancora una volta, dalla protesta alla proposta.<\/p>\n<p>E invece questo, purtroppo, non accade: abbiamo visto, infatti, anche oggi in Tv \u00a0l&#8217;ennesima contestazione di alcuni genitori, docenti e studenti nei confronti della Gelmini, che ha constretto gli organizzatori della tavola rotonda ad annullare l&#8217;incontro.<\/p>\n<p>Lasciamo qui di seguito il link alla pagina di Corriere.it dove potete vedere il video della contestazione e farvi una vostra idea; Inutile ripetere l&#8217;invito, anche questa volta, a lasciare commenti e impressioni!<\/p>\n<p><a title=\"Video contestazione Gelmini\" href=\"http:\/\/video.corriere.it?vxSiteId=404a0ad6-6216-4e10-abfe-f4f6959487fd&amp;vxChannel=Dall%20Italia&amp;vxClipId=2524_d1de17d8-59d5-11de-8980-00144f02aabc&amp;vxBitrate=300\">Video contestazione Gelmini<\/a><\/p>\n","protected":false},"excerpt":{"rendered":"<p>Le vacanze sono iniziate e molti si stanno gi\u00e0 godendo il meritato riposo in modo da arrivare carichi al campo nazionale&#8230;.Oppure studiano come me in attesa della maturit\u00e0! Intanto per\u00f2 la scuola italiana continua ad essere al centro di novit\u00e0 e allo stesso tempo di numerose polemiche&#8230; In settimana \u00e8 stato approvato dal CdM la [&hellip;]<\/p>\n","protected":false},"author":5,"featured_media":0,"comment_status":"open","ping_status":"open","sticky":false,"template":"","format":"standard","meta":[],"categories":[7],"tags":[],"_links":{"self":[{"href":"https:\/\/iopartecipo.azionecattolica.it\/index.php?rest_route=\/wp\/v2\/posts\/617"}],"collection":[{"href":"https:\/\/iopartecipo.azionecattolica.it\/index.php?rest_route=\/wp\/v2\/posts"}],"about":[{"href":"https:\/\/iopartecipo.azionecattolica.it\/index.php?rest_route=\/wp\/v2\/types\/post"}],"author":[{"embeddable":true,"href":"https:\/\/iopartecipo.azionecattolica.it\/index.php?rest_route=\/wp\/v2\/users\/5"}],"replies":[{"embeddable":true,"href":"https:\/\/iopartecipo.azionecattolica.it\/index.php?rest_route=%2Fwp%2Fv2%2Fcomments&post=617"}],"version-history":[{"count":5,"href":"https:\/\/iopartecipo.azionecattolica.it\/index.php?rest_route=\/wp\/v2\/posts\/617\/revisions"}],"predecessor-version":[{"id":627,"href":"https:\/\/iopartecipo.azionecattolica.it\/index.php?rest_route=\/wp\/v2\/posts\/617\/revisions\/627"}],"wp:attachment":[{"href":"https:\/\/iopartecipo.azionecattolica.it\/index.php?rest_route=%2Fwp%2Fv2%2Fmedia&parent=617"}],"wp:term":[{"taxonomy":"category","embeddable":true,"href":"https:\/\/iopartecipo.azionecattolica.it\/index.php?rest_route=%2Fwp%2Fv2%2Fcategories&post=617"},{"taxonomy":"post_tag","embeddable":true,"href":"https:\/\/iopartecipo.azionecattolica.it\/index.php?rest_route=%2Fwp%2Fv2%2Ftags&post=617"}],"curies":[{"name":"wp","href":"https:\/\/api.w.org\/{rel}","templated":true}]}}