{"id":620,"date":"2009-06-22T16:44:53","date_gmt":"2009-06-22T15:44:53","guid":{"rendered":"http:\/\/www.azionecattolica.it\/net\/iopartecipo\/?p=620"},"modified":"2009-06-22T16:44:53","modified_gmt":"2009-06-22T15:44:53","slug":"lillusione-dei-distributori","status":"publish","type":"post","link":"https:\/\/iopartecipo.azionecattolica.it\/?p=620","title":{"rendered":"L&#8217;illusione dei distributori"},"content":{"rendered":"<p style=\"text-align: justify;\">L&#8217;ultima novit\u00e0 sulle pagine di cronaca scolastica di giornali e homepage giornalistiche \u00e8 stata determinata dalla questione della delibera del consiglio provinciale di Roma di installare dei distributori automatici di preservativi nelle scuole. Mentre i paladini del liberismo hanno esultato &#8220;per un nuovo passo avanti&#8221; nella prassi scolastica, lo scandalo si \u00e8 levato nelle opposizioni politiche. Qualcuno ha detto che &#8220;in media stat virtus&#8221; e che forse i dubbi che sollevati dal Movimento Studenti di Azione Cattolica sono forse tra quelli che pi\u00f9 danno da pensare.<\/p>\n<p style=\"text-align: justify;\">Intervistati dall&#8217;ANSA nella giornata del 18 giugno, abbiamo riaffermato quanto sia necessario un ripensamento della strategia di educazione sessuale nelle scuole, spesso schiacciato a mettere in guardia da rischi e pericoli, ma del tutto sorvolante il pi\u00f9 complicato problema della dimensione affettiva. Finch\u00e8 si continuer\u00e0 ad approcciarsi alla sessualit\u00e0 con approccio sanzionatorio e non educativo (ad una sfera pi\u00f9 grande relazionale, donativa, affettiva) la scuola \u00e8 inadempiente nei confronti dei suoi obblighi educativi. <span style=\"font-size: x-small;\"><span class=\"Apple-style-span\" style=\"font-size: small;\">Cos\u00ec un provvedimento come quello dei distributori automatici di preservativi nelle scuole di Roma, se vuole ovviare al rischio che molti ragazzi, per l&#8217;imbarazzo di andare in farmacia, non si muniscono di preservativo, conferma una deresponsabilizzazione dell&#8217;istituzione scolastica che, se non affianca a provvedimenti del genere un globale progetto educativo, rischia di &#8220;lavarsene le mani&#8221; rispetto al problema della crescita umana ed affettiva dei giovani.Se \u00e8 vero che a ciascuno sta il suo, alla scuola sta ben altro.<br \/>\n<\/span><\/span><\/p>\n","protected":false},"excerpt":{"rendered":"<p>L&#8217;ultima novit\u00e0 sulle pagine di cronaca scolastica di giornali e homepage giornalistiche \u00e8 stata determinata dalla questione della delibera del consiglio provinciale di Roma di installare dei distributori automatici di preservativi nelle scuole. Mentre i paladini del liberismo hanno esultato &#8220;per un nuovo passo avanti&#8221; nella prassi scolastica, lo scandalo si \u00e8 levato nelle opposizioni [&hellip;]<\/p>\n","protected":false},"author":3,"featured_media":0,"comment_status":"open","ping_status":"open","sticky":false,"template":"","format":"standard","meta":[],"categories":[3],"tags":[],"_links":{"self":[{"href":"https:\/\/iopartecipo.azionecattolica.it\/index.php?rest_route=\/wp\/v2\/posts\/620"}],"collection":[{"href":"https:\/\/iopartecipo.azionecattolica.it\/index.php?rest_route=\/wp\/v2\/posts"}],"about":[{"href":"https:\/\/iopartecipo.azionecattolica.it\/index.php?rest_route=\/wp\/v2\/types\/post"}],"author":[{"embeddable":true,"href":"https:\/\/iopartecipo.azionecattolica.it\/index.php?rest_route=\/wp\/v2\/users\/3"}],"replies":[{"embeddable":true,"href":"https:\/\/iopartecipo.azionecattolica.it\/index.php?rest_route=%2Fwp%2Fv2%2Fcomments&post=620"}],"version-history":[{"count":1,"href":"https:\/\/iopartecipo.azionecattolica.it\/index.php?rest_route=\/wp\/v2\/posts\/620\/revisions"}],"predecessor-version":[{"id":621,"href":"https:\/\/iopartecipo.azionecattolica.it\/index.php?rest_route=\/wp\/v2\/posts\/620\/revisions\/621"}],"wp:attachment":[{"href":"https:\/\/iopartecipo.azionecattolica.it\/index.php?rest_route=%2Fwp%2Fv2%2Fmedia&parent=620"}],"wp:term":[{"taxonomy":"category","embeddable":true,"href":"https:\/\/iopartecipo.azionecattolica.it\/index.php?rest_route=%2Fwp%2Fv2%2Fcategories&post=620"},{"taxonomy":"post_tag","embeddable":true,"href":"https:\/\/iopartecipo.azionecattolica.it\/index.php?rest_route=%2Fwp%2Fv2%2Ftags&post=620"}],"curies":[{"name":"wp","href":"https:\/\/api.w.org\/{rel}","templated":true}]}}