{"id":640,"date":"2009-06-25T15:46:19","date_gmt":"2009-06-25T14:46:19","guid":{"rendered":"http:\/\/www.azionecattolica.it\/net\/iopartecipo\/?p=640"},"modified":"2009-06-25T16:01:29","modified_gmt":"2009-06-25T15:01:29","slug":"giovani-x-liran","status":"publish","type":"post","link":"https:\/\/iopartecipo.azionecattolica.it\/?p=640","title":{"rendered":"Giovani x l&#8217;Iran"},"content":{"rendered":"<p style=\"text-align: center;\"><img loading=\"lazy\" class=\"aligncenter\" src=\"http:\/\/upload.wikimedia.org\/wikipedia\/commons\/thumb\/7\/76\/Iran_flag_with_emblem_1964-1979.svg\/800px-Iran_flag_with_emblem_1964-1979.svg.png\" alt=\"\" width=\"447\" height=\"255\" \/><\/p>\n<p style=\"text-align: center;\">\n<p style=\"text-align: justify;\">\n<p style=\"text-align: justify;\">Il MSAC ieri, insieme ai giovani dell&#8217;Azione Cattolica, della Fuci, alle associazioni studentesche del Forum ASR presso il Ministero dell&#8217;Istruzione e altre 56 sigle di associazioni giovanili ha partecipato alla manifestazione promossa dal Forum Nazionale dei Giovani presso il Ministero della Giovent\u00f9 e svoltasi ieri pomeriggio a Roma, piazza San Lorenzo in Lucina. Insieme ad esponenti delle istituzioni, ma soprattutto giovani, specie i giovani dell&#8217;Iran ospiti a Roma, per insegna un&#8217;unica bandiera (niente bandiere di partito o sindacato, solo quella dell&#8217;Iran, quella antica, naturalmente, prima della rivoluzione del 1979, la bandiera col leone ed il sole), dal palco niente diatriba politica, solo unanime voce per la difesa dei diritti umani<\/p>\n<p style=\"text-align: center;\">Eccovi il testo del comunicato:<\/p>\n<p style=\"text-align: center;\">&#8212; FORUM NAZIONALE DEI GIOVANI: MANIFESTAZIONE DI SOLIDARIETA&#8217; PER GIOVANI IRANIANI<\/p>\n<p style=\"text-align: center;\">In piazza e su internet per mostrare solidariet\u00e0 ai giovani di Teheran. Il Forum Nazionale dei Giovani invita i ragazzi italiani alla solidariet\u00e0 nei confronti dei giovani iraniani che in queste ore manifestano in piazza per chiedere democrazia, libert\u00e0, il rispetto dei diritti umani e dei diritti civili.<\/p>\n<p style=\"text-align: center;\">Per le strade di Teheran, a rischio della vita, una moltitudine di giovani chiede con coraggio democrazia. Le poche immagini che la censura non riesce a fermare raccontano il sacrificio di giovanissime vittime. Come Neda, uccisa a 16 anni, mentre manifestava accanto a suo padre e diventata subito il simbolo della protesta. Ai giovani come Neda e al loro desiderio di mettere le basi per la costruzione di un Iran libero e democratico, il Forum Nazionale dei Giovani vuole dimostrare solidariet\u00e0 generazionale in modo concreto. Per questa ragione lanciamo l&#8217;appello a tutte le organizzazioni giovanili, indipendentemente dalla loro estrazione culturale, politica o religiosa, a aderire a questo appello<\/p>\n","protected":false},"excerpt":{"rendered":"<p>Il MSAC ieri, insieme ai giovani dell&#8217;Azione Cattolica, della Fuci, alle associazioni studentesche del Forum ASR presso il Ministero dell&#8217;Istruzione e altre 56 sigle di associazioni giovanili ha partecipato alla manifestazione promossa dal Forum Nazionale dei Giovani presso il Ministero della Giovent\u00f9 e svoltasi ieri pomeriggio a Roma, piazza San Lorenzo in Lucina. Insieme ad [&hellip;]<\/p>\n","protected":false},"author":3,"featured_media":0,"comment_status":"open","ping_status":"open","sticky":false,"template":"","format":"standard","meta":[],"categories":[6],"tags":[],"_links":{"self":[{"href":"https:\/\/iopartecipo.azionecattolica.it\/index.php?rest_route=\/wp\/v2\/posts\/640"}],"collection":[{"href":"https:\/\/iopartecipo.azionecattolica.it\/index.php?rest_route=\/wp\/v2\/posts"}],"about":[{"href":"https:\/\/iopartecipo.azionecattolica.it\/index.php?rest_route=\/wp\/v2\/types\/post"}],"author":[{"embeddable":true,"href":"https:\/\/iopartecipo.azionecattolica.it\/index.php?rest_route=\/wp\/v2\/users\/3"}],"replies":[{"embeddable":true,"href":"https:\/\/iopartecipo.azionecattolica.it\/index.php?rest_route=%2Fwp%2Fv2%2Fcomments&post=640"}],"version-history":[{"count":5,"href":"https:\/\/iopartecipo.azionecattolica.it\/index.php?rest_route=\/wp\/v2\/posts\/640\/revisions"}],"predecessor-version":[{"id":642,"href":"https:\/\/iopartecipo.azionecattolica.it\/index.php?rest_route=\/wp\/v2\/posts\/640\/revisions\/642"}],"wp:attachment":[{"href":"https:\/\/iopartecipo.azionecattolica.it\/index.php?rest_route=%2Fwp%2Fv2%2Fmedia&parent=640"}],"wp:term":[{"taxonomy":"category","embeddable":true,"href":"https:\/\/iopartecipo.azionecattolica.it\/index.php?rest_route=%2Fwp%2Fv2%2Fcategories&post=640"},{"taxonomy":"post_tag","embeddable":true,"href":"https:\/\/iopartecipo.azionecattolica.it\/index.php?rest_route=%2Fwp%2Fv2%2Ftags&post=640"}],"curies":[{"name":"wp","href":"https:\/\/api.w.org\/{rel}","templated":true}]}}