{"id":652,"date":"2009-06-25T16:39:55","date_gmt":"2009-06-25T15:39:55","guid":{"rendered":"http:\/\/www.azionecattolica.it\/net\/iopartecipo\/?p=652"},"modified":"2009-09-23T09:04:42","modified_gmt":"2009-09-23T08:04:42","slug":"calcio-dinizio-alla-maturita","status":"publish","type":"post","link":"https:\/\/iopartecipo.azionecattolica.it\/?p=652","title":{"rendered":"Calcio d&#8217;inizio alla maturit\u00e0!"},"content":{"rendered":"<p style=\"text-align: center;\"><a href=\"http:\/\/www.azionecattolica.it\/net\/iopartecipo\/wp-content\/uploads\/2009\/06\/ci11.jpg\"><img loading=\"lazy\" class=\"size-medium wp-image-657 aligncenter\" title=\"ci11\" src=\"http:\/\/www.azionecattolica.it\/net\/iopartecipo\/wp-content\/uploads\/2009\/06\/ci11-300x86.jpg\" alt=\"\" width=\"553\" height=\"157\" \/><\/a><\/p>\n<p style=\"text-align: justify;\">\n<p style=\"text-align: justify;\">Sono iniziati gli esami di Stato per i nostri maturandi&#8230; e tra le sette tracce a disposizione, una sorpresa che speriamo possa aver aiutato i nostri msacchini (per cui continuiamo ad incrociare le dita e fare il tifo)!<\/p>\n<p style=\"text-align: justify;\">La traccia due della tipologia B (saggio giornalistico) chiedeva infatti di approfondire il <strong>tema dell&#8217;anno europeo 2009, dedicato all&#8217;innovazione e alla creativit\u00e0, <\/strong>cio\u00e8 lo stesso tema a cui quest&#8217;anno il MSAC ha dedicato il suo tradizionale <strong>European Day. <\/strong>Speriamo che alle centinaia di ragazzi che tra maggio e giugno hanno partecipato ai nostri European Day nelle regioni e nelle diocesi e ai tanti responsabili diocesani che hanno avuto fra le mani il dossier di approfondimento sul tema dell<strong>&#8216;innovazione e creativit\u00e0 <\/strong>l&#8217;esperienza msacchina abbia dato qualche piccola illuminazione, per un tema che, lo confessiamo, forse per una preparazione di base di scuola superiore sarebbe stato abbastanza difficile da risolvere, ma che sicuramente dimostra una crescente attenzione per i temi dell&#8217;Europa<\/p>\n<p style=\"text-align: justify;\">E mentre esultiamo per aver reso un piccolo servizio ai msacchini (fateci sapere chi di voi ha scelto di sperimentarsi in questo arduo tema!!!), elenchiamo qui le altre tracce d&#8217;esame. Da segnalare, oltre appunto all&#8217;attenzione ai temi europei, un bell&#8217;argomento trasversale di storia contemporanea, la proposta di tracce per i saggi di attualit\u00e0 su amore, internet e cultura giovanile, e poi l&#8217;ampio tema (non solo storico) della libert\u00e0 e della democrazia, oggi ancora pi\u00f9 d&#8217;attualit\u00e0 dopo i fatti dell&#8217;Iran<\/p>\n<p style=\"text-align: justify;\">\n<p style=\"text-align: justify;\"><strong>Tipologia A, Analisi del Testo<\/strong>: l&#8217;inizio della <em>Coscienza di Zeno<\/em> di Italo Svevo<\/p>\n<p style=\"text-align: justify;\"><strong>Tipologia B, Saggio Breve o Articolo di Giornale<\/strong>:<\/p>\n<ol style=\"text-align: justify;\">\n<li><em>Ambito artistico-letterario<\/em>: Innamoramento e amore. Documenti (anche visivi!!!) di Magritte, Chagall, Canova, Catullo, Alberoni, Dante, Gozzano, Leopardi e Cardarelli.<\/li>\n<li><em>Ambito socio-economico<\/em>: l&#8217;anno europeo 2009 per la creativit\u00e0 e l&#8217;innovazione<\/li>\n<li><em>Ambito storico-politico<\/em>: Origine e sviluppi della cultura giovanile. Tra <em>Secolo breve <\/em>di Hobsbawm e immagini del nostro secolo<\/li>\n<li><em>Ambito tecnico-scientifico<\/em>: Social Network, Internet, New Media. tema internettiano, insomma, ma occhio a tenersi sull&#8217;ambito tecnico scientifico!!!<\/li>\n<\/ol>\n<p style=\"text-align: justify;\"><strong>Tipologia C, Tema di argomento storico<\/strong>: (quello che personalmente io avrei preferito! ^___^)\u00a0 Nel 2011 si celebrano i 150 anni dell&#8217;Unit\u00e0 d&#8217;Italia. La storia dello stato nazionale italiano si caratterizza per la successione di tre tipi di regime. Il candidato si soffermi sul passaggio dal regime liberale monarchico a quello fascista e da quello fascista a quello democratico repubblicano&#8221;<\/p>\n<p style=\"text-align: justify;\"><strong>Tipologia D<\/strong>, <strong>tema di ordine generale<\/strong>: &#8220;Con legge 61 del 15 aprile 2005 ,il 9 novembre \u00e8 stato dichiarato &#8220;giorno della libert\u00e0&#8221;, quale ricorrenza dell&#8217;abbattimento del Muro di Berlino, evento simbolo per la liberazione di paesi oppressi e auspicio per le popolazioni tuttora soggette al totalitarismo. A 20 anni dalla caduta del muro di Berlino, il candidato rifletta sul valore simbolico di quell&#8217;evento ed esprima la propria opinione sul significato di libert\u00e0 e democrazia&#8221;<\/p>\n<p style=\"text-align: center;\"><a href=\"http:\/\/download.repubblica.it\/pdf\/scuola\/2009\/prove_italiano.pdf\">per vedere le tracce complete, clicca qui<\/a><\/p>\n","protected":false},"excerpt":{"rendered":"<p>Sono iniziati gli esami di Stato per i nostri maturandi&#8230; e tra le sette tracce a disposizione, una sorpresa che speriamo possa aver aiutato i nostri msacchini (per cui continuiamo ad incrociare le dita e fare il tifo)! La traccia due della tipologia B (saggio giornalistico) chiedeva infatti di approfondire il tema dell&#8217;anno europeo 2009, [&hellip;]<\/p>\n","protected":false},"author":3,"featured_media":0,"comment_status":"open","ping_status":"open","sticky":false,"template":"","format":"standard","meta":[],"categories":[13],"tags":[],"_links":{"self":[{"href":"https:\/\/iopartecipo.azionecattolica.it\/index.php?rest_route=\/wp\/v2\/posts\/652"}],"collection":[{"href":"https:\/\/iopartecipo.azionecattolica.it\/index.php?rest_route=\/wp\/v2\/posts"}],"about":[{"href":"https:\/\/iopartecipo.azionecattolica.it\/index.php?rest_route=\/wp\/v2\/types\/post"}],"author":[{"embeddable":true,"href":"https:\/\/iopartecipo.azionecattolica.it\/index.php?rest_route=\/wp\/v2\/users\/3"}],"replies":[{"embeddable":true,"href":"https:\/\/iopartecipo.azionecattolica.it\/index.php?rest_route=%2Fwp%2Fv2%2Fcomments&post=652"}],"version-history":[{"count":4,"href":"https:\/\/iopartecipo.azionecattolica.it\/index.php?rest_route=\/wp\/v2\/posts\/652\/revisions"}],"predecessor-version":[{"id":656,"href":"https:\/\/iopartecipo.azionecattolica.it\/index.php?rest_route=\/wp\/v2\/posts\/652\/revisions\/656"}],"wp:attachment":[{"href":"https:\/\/iopartecipo.azionecattolica.it\/index.php?rest_route=%2Fwp%2Fv2%2Fmedia&parent=652"}],"wp:term":[{"taxonomy":"category","embeddable":true,"href":"https:\/\/iopartecipo.azionecattolica.it\/index.php?rest_route=%2Fwp%2Fv2%2Fcategories&post=652"},{"taxonomy":"post_tag","embeddable":true,"href":"https:\/\/iopartecipo.azionecattolica.it\/index.php?rest_route=%2Fwp%2Fv2%2Ftags&post=652"}],"curies":[{"name":"wp","href":"https:\/\/api.w.org\/{rel}","templated":true}]}}