{"id":669,"date":"2009-07-01T22:39:27","date_gmt":"2009-07-01T21:39:27","guid":{"rendered":"http:\/\/www.azionecattolica.it\/net\/iopartecipo\/?p=669"},"modified":"2009-07-01T22:54:53","modified_gmt":"2009-07-01T21:54:53","slug":"ucsi-e-msac-per-una-scuola-di-giornalismo","status":"publish","type":"post","link":"https:\/\/iopartecipo.azionecattolica.it\/?p=669","title":{"rendered":"UCSI e MSAC per una scuola di giornalismo"},"content":{"rendered":"<p style=\"text-align: center;\"><strong>di FRANCESCO DEL VISCIO<\/strong><\/p>\n<p style=\"text-align: center;\">incaricato regionale Abruzzo-Molise, tutor per il Lazio<\/p>\n<p style=\"text-align: center;\"><img loading=\"lazy\" class=\"aligncenter\" src=\"http:\/\/blog.intoscana.it\/buonanottebuonafortuna\/files\/2009\/03\/giornalismo.jpg\" alt=\"\" width=\"409\" height=\"407\" \/><\/p>\n<p style=\"text-align: justify;\">Come ben sapete il nostro MSAC in questi giorni ha collaborato con l&#8217;UCSI (Unione cattolica della stampa italiana) al progetto &#8220;Decoder &#8211; Laboratorio di comunicazione&#8221;.   Dal 15 al 19 giugno 2009, dalle 9 del mattino alle 5 del pomeriggio, un gruppo di 14 ragazzi delle scuole medie superiori di Roma ha incontrato il mondo della comunicazione e dell&#8217;informazione nei volti dei vari ospiti giornalieri, tutti professionisti della materia.   Un workshop che, oltre a coinvolgere i ragazzi in una riflessione totale attorno all&#8217;uso ed al consumo della comunicazione di massa, ha formato i ragazzi alla produzione dell&#8217;Informazione.   Finalit\u00e0 concreta del laboratorio \u00e8 stata la creazione di un sito e di un settimanale online interamente curato dai ragazzi. Organizzati in una redazione, con tanto di caporedattore e grafico, hanno realizzato la grafica del sito (<a href=\"http:\/\/web.me.com\/fabbio\/decoder\">http:\/\/web.me.com\/fabbio\/decoder<\/a>) e la prima copia del settimanale, mettendo in pratica i contenuti tecnici delle relazioni in coerenza alle loro riflessioni emerse nei giorni di dibattito.  Sostiene Vania De Luca, presidente dell&#8217;UCSI e storica Segretaria del nostro MSAC Nazionale, che questa esperienza nuova per l&#8217;UCSI, sia nelle modalit\u00e0 che nelle finalit\u00e0, si \u00e8 mostrata funzionale sotto una molteplicit\u00e0 di aspetti:<\/p>\n<ul class=\"unIndentedList\">\n<li> offre un&#8217;occasione ai giovani professionisti della Comunicazione un&#8217;opportunit\u00e0 di valorizzazione delle proprie conoscenze;<\/li>\n<\/ul>\n<ul class=\"unIndentedList\">\n<li> aderisce a pieno alle esigenze dell&#8217;Unione di attivarsi socialmente per una Testimonianza cristiana nella Comunicazione;<\/li>\n<\/ul>\n<ul class=\"unIndentedList\">\n<li> avvia sinergie utili alla realt\u00e0 dell&#8217;UCSI sia per riuscire nei suoi obiettivi che nel maturare sempre pi\u00f9 una &#8220;coscienza civile&#8221;;<\/li>\n<\/ul>\n<ul class=\"unIndentedList\">\n<li> risponde attivamente all&#8217; &#8220;emergenza educativa&#8221; ed all&#8217;appello &#8220;alla responsabilit\u00e0 nell&#8217;uso dei mezzi di comunicazione&#8221;, priorit\u00e0 pastorali della CEI condivise con la Stampa Cattolica.<\/li>\n<\/ul>\n<p style=\"text-align: center;\">\n","protected":false},"excerpt":{"rendered":"<p>di FRANCESCO DEL VISCIO incaricato regionale Abruzzo-Molise, tutor per il Lazio Come ben sapete il nostro MSAC in questi giorni ha collaborato con l&#8217;UCSI (Unione cattolica della stampa italiana) al progetto &#8220;Decoder &#8211; Laboratorio di comunicazione&#8221;. Dal 15 al 19 giugno 2009, dalle 9 del mattino alle 5 del pomeriggio, un gruppo di 14 ragazzi [&hellip;]<\/p>\n","protected":false},"author":1,"featured_media":0,"comment_status":"open","ping_status":"open","sticky":false,"template":"","format":"standard","meta":[],"categories":[6],"tags":[],"_links":{"self":[{"href":"https:\/\/iopartecipo.azionecattolica.it\/index.php?rest_route=\/wp\/v2\/posts\/669"}],"collection":[{"href":"https:\/\/iopartecipo.azionecattolica.it\/index.php?rest_route=\/wp\/v2\/posts"}],"about":[{"href":"https:\/\/iopartecipo.azionecattolica.it\/index.php?rest_route=\/wp\/v2\/types\/post"}],"author":[{"embeddable":true,"href":"https:\/\/iopartecipo.azionecattolica.it\/index.php?rest_route=\/wp\/v2\/users\/1"}],"replies":[{"embeddable":true,"href":"https:\/\/iopartecipo.azionecattolica.it\/index.php?rest_route=%2Fwp%2Fv2%2Fcomments&post=669"}],"version-history":[{"count":6,"href":"https:\/\/iopartecipo.azionecattolica.it\/index.php?rest_route=\/wp\/v2\/posts\/669\/revisions"}],"predecessor-version":[{"id":680,"href":"https:\/\/iopartecipo.azionecattolica.it\/index.php?rest_route=\/wp\/v2\/posts\/669\/revisions\/680"}],"wp:attachment":[{"href":"https:\/\/iopartecipo.azionecattolica.it\/index.php?rest_route=%2Fwp%2Fv2%2Fmedia&parent=669"}],"wp:term":[{"taxonomy":"category","embeddable":true,"href":"https:\/\/iopartecipo.azionecattolica.it\/index.php?rest_route=%2Fwp%2Fv2%2Fcategories&post=669"},{"taxonomy":"post_tag","embeddable":true,"href":"https:\/\/iopartecipo.azionecattolica.it\/index.php?rest_route=%2Fwp%2Fv2%2Ftags&post=669"}],"curies":[{"name":"wp","href":"https:\/\/api.w.org\/{rel}","templated":true}]}}