{"id":673,"date":"2009-07-01T21:45:54","date_gmt":"2009-07-01T20:45:54","guid":{"rendered":"http:\/\/www.azionecattolica.it\/net\/iopartecipo\/?p=673"},"modified":"2009-07-02T14:17:43","modified_gmt":"2009-07-02T13:17:43","slug":"sos-prove-desame-itis","status":"publish","type":"post","link":"https:\/\/iopartecipo.azionecattolica.it\/?p=673","title":{"rendered":"SOS Prove d&#8217;esame ITIS"},"content":{"rendered":"<p style=\"text-align: center;\"><em>Ciao! Vi inoltriamo una richiesta di aiuto da parte dell&#8217;incaricato regionale dei giovani di AC della Toscana. Chi pu\u00f2 aiutarlo scrivi a <a href=\"castagnolacity@hotmail.com\">castagnolacity@hotmail.com <\/a><\/em><\/p>\n<p style=\"text-align: center;\">__________________________________________________________________<\/p>\n<p style=\"margin-bottom: 0cm; text-align: justify;\">Cari amici sparsi per tutta l&#8217;Italia,<\/p>\n<p style=\"margin-bottom: 0cm; text-align: justify;\">vi scrivo, diciamo in regime di urgenza, per avere la possibilit\u00e0 di raggiungere il pi\u00f9 persone possibile, per un favore. Sto cercando ragazzi che abbiano sostenuto l&#8217;esame di Maturit\u00e0 quest&#8217;anno (2009) a un ITIS, in particolare perito elettrotecnico. Vi spiego brevemente perch\u00e8: mio fratello ha sostenuto l&#8217;esame di maturit\u00e0, e la seconda prova, che \u00e8 quella di indirizzo, \u00e8 stata una strage per tutta la classe, con punteggi sotto i 5\/15. La professoressa che ha corretto i compiti ha giustificato questi voti con una motivazione che non convince i ragazzi, e quindi stanno cercando altri ragazzi che abbiano sostenuto la stessa prova per poter avere un confronto, e vedere se effettivamente il compito poteva essere svolto anche nel modo in cui \u00e8 stato fatto da mio fratello e i suoi compagni. Non sto a scendere nei particolari anche perch\u00e8 io non ci capisco di elettrotecnica, e quindi rischierei di dirvi cose sbagliate. Comunque, il sunto \u00e8: se conoscete ragazzi\/e (fratelli, amici, vicini, ragazzi dei gruppi,&#8230;) che abbiamo sostenuto l&#8217;esame di maturit\u00e0 quest&#8217;anno (2009) nell&#8217;indirizzo di perito elettrotecnico (Istituti tecnici industriali) per favore mettetemi in contatto con lui\/lei.<\/p>\n<p style=\"margin-bottom: 0cm; text-align: justify;\">E&#8217; una cosa che richiede urgenza perch\u00e8 l&#8217;orale ce l&#8217;ha fra pochi giorni, quindi vi chiedo di fare il pi\u00f9 presto possibile.<\/p>\n<p style=\"margin-bottom: 0cm; text-align: justify;\">Grazie mille per il vostro aiuto!!<\/p>\n<p style=\"margin-bottom: 0cm; text-align: justify;\">Un abbraccio<\/p>\n<p style=\"margin-bottom: 0cm; text-align: justify;\"><a href=\"castagnolacity@hotmail.com \">Marco Leorin<\/a><\/p>\n","protected":false},"excerpt":{"rendered":"<p>Ciao! Vi inoltriamo una richiesta di aiuto da parte dell&#8217;incaricato regionale dei giovani di AC della Toscana. Chi pu\u00f2 aiutarlo scrivi a castagnolacity@hotmail.com __________________________________________________________________ Cari amici sparsi per tutta l&#8217;Italia, vi scrivo, diciamo in regime di urgenza, per avere la possibilit\u00e0 di raggiungere il pi\u00f9 persone possibile, per un favore. Sto cercando ragazzi che abbiano [&hellip;]<\/p>\n","protected":false},"author":1,"featured_media":0,"comment_status":"open","ping_status":"open","sticky":false,"template":"","format":"standard","meta":[],"categories":[6],"tags":[],"_links":{"self":[{"href":"https:\/\/iopartecipo.azionecattolica.it\/index.php?rest_route=\/wp\/v2\/posts\/673"}],"collection":[{"href":"https:\/\/iopartecipo.azionecattolica.it\/index.php?rest_route=\/wp\/v2\/posts"}],"about":[{"href":"https:\/\/iopartecipo.azionecattolica.it\/index.php?rest_route=\/wp\/v2\/types\/post"}],"author":[{"embeddable":true,"href":"https:\/\/iopartecipo.azionecattolica.it\/index.php?rest_route=\/wp\/v2\/users\/1"}],"replies":[{"embeddable":true,"href":"https:\/\/iopartecipo.azionecattolica.it\/index.php?rest_route=%2Fwp%2Fv2%2Fcomments&post=673"}],"version-history":[{"count":7,"href":"https:\/\/iopartecipo.azionecattolica.it\/index.php?rest_route=\/wp\/v2\/posts\/673\/revisions"}],"predecessor-version":[{"id":682,"href":"https:\/\/iopartecipo.azionecattolica.it\/index.php?rest_route=\/wp\/v2\/posts\/673\/revisions\/682"}],"wp:attachment":[{"href":"https:\/\/iopartecipo.azionecattolica.it\/index.php?rest_route=%2Fwp%2Fv2%2Fmedia&parent=673"}],"wp:term":[{"taxonomy":"category","embeddable":true,"href":"https:\/\/iopartecipo.azionecattolica.it\/index.php?rest_route=%2Fwp%2Fv2%2Fcategories&post=673"},{"taxonomy":"post_tag","embeddable":true,"href":"https:\/\/iopartecipo.azionecattolica.it\/index.php?rest_route=%2Fwp%2Fv2%2Ftags&post=673"}],"curies":[{"name":"wp","href":"https:\/\/api.w.org\/{rel}","templated":true}]}}