{"id":68,"date":"2008-09-01T19:01:47","date_gmt":"2008-09-01T18:01:47","guid":{"rendered":"http:\/\/www.azionecattolica.it\/net\/iopartecipo\/?p=68"},"modified":"2008-09-01T21:28:17","modified_gmt":"2008-09-01T20:28:17","slug":"un-agosto-caldo-e-afoso-per-la-scuola-pero","status":"publish","type":"post","link":"https:\/\/iopartecipo.azionecattolica.it\/?p=68","title":{"rendered":"Un agosto caldo e afoso. Per la scuola per\u00f2"},"content":{"rendered":"<p style=\"text-align: center;\"><em>Inaug<span style=\"normal;\"><em>uria<span style=\"normal;\"><em>mo<span style=\"normal;\"><em> con q<span style=\"normal;\"><em>uesto post una nuova rubrica del blog &#8220;Io Partecipo&#8221;. <strong>DICO LA MIA <\/strong>sar\u00e0 la rubrica a firma degli stessi msacchini, provenienti dalle diverse diocesi di Italia<\/em><em>. Su &#8220;Dico la Mia!&#8221; potrete provare voi stessi a commentare i fatti di cronaca riguardanti la scuola, oppure farci conoscere ci\u00f2 che accade nelle vostre realt\u00e0. Per contribuire con i vostri articoli al nostro blog, inviate i file a msac@azionecattolica.it, oggetto &#8220;DICO LA MIA&#8221;. Li pubblicheremo a breve sul sito. Essendo ovviamente frutto della libera espressione dei singoli msacchini, la Segreteria Nazionale non si assume la responsabilit\u00e0 di quanto scritto negli articoli.<\/em><\/span><\/em><\/span><\/em><\/span><\/em><\/span><\/em><\/p>\n<p style=\"center;\" align=\"center\">&#8212;&#8212;&#8212;&#8212;&#8212;&#8212;&#8212;&#8212;&#8212;&#8212;&#8212;&#8212;&#8212;&#8212;&#8212;&#8212;&#8212;&#8212;&#8212;&#8212;&#8212;&#8212;&#8212;<\/p>\n<p><!--[if gte mso 9]&gt;  Normal 0 14   false false false        MicrosoftInternetExplorer4  &lt;![endif]--><!--[if gte mso 9]&gt;   &lt;![endif]--><\/p>\n<p><!--[if gte mso 10]&gt;--><\/p>\n<p><!--[endif]--><\/p>\n<p class=\"MsoNormal\" style=\"center;\" align=\"center\"><strong><span style=\"Verdana;\">Un agosto caldo e afoso. Per la scuola per\u00f2\u2026<\/span><\/strong><\/p>\n<p class=\"MsoNormal\" style=\"center;\" align=\"center\"><em><span style=\"Verdana;\">di Michele Azzoni (Venezia)<\/span><\/em><\/p>\n<p class=\"MsoNormal\" style=\"center;\" align=\"center\">\n<p class=\"MsoNormal\" style=\"text-align: center;\"><a href=\"http:\/\/www.azionecattolica.it\/net\/iopartecipo\/wp-content\/uploads\/2008\/09\/39062-img1.gif\"><img loading=\"lazy\" class=\"size-medium wp-image-83 aligncenter\" src=\"http:\/\/www.azionecattolica.it\/net\/iopartecipo\/wp-content\/uploads\/2008\/09\/39062-img1-300x201.jpg\" alt=\"governo\" width=\"358\" height=\"239\" srcset=\"https:\/\/iopartecipo.azionecattolica.it\/wp-content\/uploads\/2008\/09\/39062-img1-300x201.jpg 300w, https:\/\/iopartecipo.azionecattolica.it\/wp-content\/uploads\/2008\/09\/39062-img1.gif 600w\" sizes=\"(max-width: 358px) 100vw, 358px\" \/><\/a><\/p>\n<p class=\"MsoNormal\" style=\"justify;\">\n<p class=\"MsoNormal\" style=\"text-align: justify;\"><span style=\"Verdana;\">Si sa che il mese che precede il ritorno sui banchi di milioni di studenti italiani \u00e8 sempre caratterizzato da qualche evento o novit\u00e0. L\u2019anno scorso c\u2019era il ministro Fioroni che minacciava quello che da tutti \u00e8 stato considerato il ritorno agli esami di riparazione.<a name=\"_msoanchor_1\"><\/a><a href=\"#_msocom_1\"><\/a> Quest\u2019anno anche con la Gelmini novit\u00e0 e polemiche non sono mancate. A dire il vero, le novit\u00e0 non sono venute solo dalla nuova inquilina di Viale Trastevere, ma anche da esponenti del mondo politico che hanno fatto sentire la loro voce da altri palazzi romani. <\/span><\/p>\n<p class=\"MsoNormal\" style=\"text-align: justify;\"><span style=\"Verdana;\">E il primo a interessarsi di scuola, anche se un po\u2019 in anticipo, \u00e8 stato il ministro Umberto Bossi. Il Senat\u00f9r, durante uno dei suoi comizi estivi, ha parlato di scuola: ha detto che questa non deve essere un\u2019azienda erogatrice di soldi (di stipendi in particolare) e che, a suo parere, nella scuola italiana ci sono troppi insegnanti. Subito botta e risposta tra i vari esponenti di maggioranza e opposizione, ma poi nulla: tutto a posto o quasi\u2026 Eppure il leader leghista non ha aspettato molto per tornare a parlare di scuola: poco dopo, infatti, \u00e8 uscita la polemica sugli insegnanti meridionali. \u00c8 stato lui, infatti, a dire che \u201cgli alunni padani sono martoriati da professori forestieri\u201d (riferendosi ai professori del Sud Italia). Affermazione che per\u00f2 non ha trovato molto spazio sui media, che nella stessa occasione hanno preferito commentare il gesto volgare (il dito medio alzato) compiuto da Bossi durante l\u2019inno di Mameli. <\/span><\/p>\n<p class=\"MsoNormal\" style=\"text-align: justify;\"><span style=\"Verdana;\">Poi, ancora, silenzio.<\/span><\/p>\n<p class=\"MsoNormal\" style=\"text-align: justify;\"><span style=\"Verdana;\">Peccato che a quattro settimane dal ritorno sui banchi la scuola sia tornata al centro delle discussioni. Stavolta \u00e8 scesa in campo direttamente la titolare del dicastero dell\u2019Istruzione, Mariastella Gelmini.<\/span><\/p>\n<p class=\"MsoNormal\" style=\"text-align: center;\"><span style=\"Verdana;\"> <\/span><\/p>\n<p class=\"MsoNormal\" style=\"text-align: justify;\"><span style=\"Verdana;\">A inizio estate la ministra ha annunciato di voler tornare<span class=\"MsoCommentReference\"><span style=\"Verdana;\"> <\/span><\/span> al grembiule obbligatorio a scuola, poi ha cominciato ad anticipare di voler reintrodurre la bocciatura per il voto di condotta(che farebbe media con gli altri voti) e l\u2019introduzione dell\u2019insegnamento dell\u2019educazione civica.<\/span><\/p>\n<p class=\"MsoNormal\" style=\"text-align: justify;\"><span style=\"Verdana;\">Ma non era ancora tutto\u2026Malauguratamente sembrerebbe incappata anche lei nel pericoloso scivolone riguardo gli insegnanti meridionali che a parer di tutti, a quanto sembra, sarebbero meno preparati e a cui servirebbero corsi intensivi\u2026 <\/span><\/p>\n<p class=\"MsoNormal\" style=\"text-align: justify;\"><span style=\"Verdana;\">Subito dopo, ovviamente, \u00e8 seguita la smentita. La giustificazione: il ministro si riferiva ad alcuni istituti, non ai professori. E si \u00e8 premurata di dedicare un commosso ricordo alla bravissima professoressa siciliana che nell\u2019inospitale bresciano l\u2019aveva educata per ben tre anni della sua vita\u2026 Come essere ingrata alla sua memoria? Proprio non poteva\u2026<\/span><\/p>\n<p class=\"MsoNormal\" style=\"text-align: justify;\"><span style=\"Verdana;\"> <\/span><\/p>\n<p class=\"MsoNormal\" style=\"text-align: justify;\"><span style=\"Verdana;\">Ormai per\u00f2 la bomba era stata lanciata e disinnescarla non \u00e8 stato cos\u00ec semplice! Subito dopo questa sua dichiarazione, infatti, il governatore della Sicilia, Lombardo, \u00e8 saltato in piedi. Poteva la ministra di Forza Italia (ora Pdl), partito di cui il Movimento per l\u2019Autonomia di Lombardo \u00e8 alleato, criticare il Meridione? Guai!<\/span><\/p>\n<p class=\"MsoNormal\" style=\"text-align: justify;\"><span style=\"Verdana;\">Ma il presidente della regione siciliana non \u00e8 stato l\u2019unico: i parlamentari dell\u2019opposizione (tanto per cambiare) si sono infuriati chiedendo che la ministra, dopo la pausa estiva, riferisse in parlamento.<\/span><\/p>\n<p class=\"MsoNormal\" style=\"text-align: justify;\"><span style=\"Verdana;\">Ma questa volta per difendere le parole della Gelmini sono scesi in campo il presidente dell\u2019Invalsi, il prof.\u00a0 Piero Cipollone e l\u2019ex ministro dell\u2019Istruzione on. Tullio De Mauro. <\/span><\/p>\n<p class=\"MsoNormal\" style=\"text-align: justify;\"><span style=\"Verdana;\">Il primo l\u2019ha fatto con dati alla mano. I dati Ocse-Pisa, del 2007 per la precisione, dimostrano che un problema \u201cscuola meridionale\u201d ci sarebbe eccome! Al Nord, infatti, il punteggio Ocse-Pisa per la lettura \u00e8 intorno a 560 punti (al Sud \u00e8 circa 490), per la matematica intorno a 540 (mentre al Sud circa 465) e infine per le scienze intorno ai 560 al Nord (480, invece, al Sud). <\/span><\/p>\n<p class=\"MsoNormal\" style=\"text-align: justify;\"><span style=\"Verdana;\">De Mauro, invece, ha difeso la  Gelmini affermando che le scuole del Sud Italia (e dunque la relativa preparazione degli studenti) sono indietro non di anni ma di secoli.<\/span><\/p>\n<p class=\"MsoNormal\" style=\"text-align: justify;\"><span style=\"Verdana;\"> <\/span><\/p>\n<p class=\"MsoNormal\" style=\"text-align: justify;\"><span style=\"Verdana;\">Ne avete abbastanza? non \u00e8 ancora finita\u2026 <\/span><\/p>\n<p class=\"MsoNormal\" style=\"text-align: justify;\"><span style=\"Verdana;\">Durante i giorni della \u201cbomba- Gelmini\u201dsui giornali sono finiti anche altri episodi legati alla scuola. Per esempio la polemica scoppiata a Mestre (Venezia) a causa del ritiro di massa di studenti italiani da una scuola media per la presenza di un numero troppo elevato, secondo i genitori, di ragazzi stranieri.<\/span><\/p>\n<p class=\"MsoNormal\" style=\"text-align: justify;\"><span style=\"Verdana;\">Questa volta \u00e8 intervenuta l\u2019assessore all\u2019istruzione della regione Veneto, Elena Donazzan (Pdl-An), chiedendo al ministero di fissare una quota massima di alunni stranieri per classe. La  Gelmini non ha fatto attendere per la risposta: durante il meeting di Cl, a Rimini, ha detto che non intende fissare alcuna quota e alcun tetto massimo.<\/span><\/p>\n<p class=\"MsoNormal\" style=\"text-align: justify;\"><span style=\"Verdana;\"> <\/span><\/p>\n<p class=\"MsoNormal\" style=\"text-align: justify;\"><span style=\"Verdana;\">Ancora una\u2026 Ha fatto molto discutere, in questo caldo Agosto, anche un editoriale di Ernesto Galli della Loggia sul <em>Corriere della Sera<\/em> (21 Agosto), nel quale l\u2019opinionista chiedeva una scuola di qualit\u00e0 per l\u2019Italia, criticando in particolare alcune scelte dell\u2019ultimo periodo e mettendone in risalto altre. Tra le critiche,il taglio di fondi, nella Finanziaria, alla scuola (se c\u2019era ancora qualcosa da tagliare\u2026 Ormai siamo abituati a pagarci anche le fotocopie per le verifiche\u2026)<\/span><\/p>\n<p class=\"MsoNormal\" style=\"text-align: justify;\"><span style=\"Verdana;\">Ma una critica cos\u00ec forte non poteva che far alzare gli scudi del ministro dell\u2019Economia. Il giorno dopo, infatti, sempre sul Corriere, c\u2019era una lettera di Giulio Tremonti, oltre a una della Gelmini\u2026<\/span><\/p>\n<p class=\"MsoNormal\" style=\"text-align: justify;\"><span style=\"Verdana;\">I due hanno criticato ed elogiato allo stesso tempo Galli della Loggia. Criticato per le ingenerose accuse fatte nei confronti del governo e in particolare nei confronti del responsabile dei bilanci del nostro Paese e elogiato per l\u2019idea che all\u2019Italia serva una scuola di qualit\u00e0. Curioso che entrambi, nel rispondere, abbiano trovato tutte le colpe della deriva della scuola italiana nel \u201968 e nei quarant\u2019anni che l\u2019hanno seguito\u2026<\/span><\/p>\n<p class=\"MsoNormal\" style=\"text-align: justify;\"><span style=\"Verdana;\">La Gelmini<\/span><span style=\"Verdana;\">, nel suo intervento, parlava anche della necessit\u00e0 nella scuola di autorevolezza, di autorit\u00e0, di gerarchia, di studio, di fatica e di merito. Solo cos\u00ec, secondo la ministra, si avr\u00e0 una scuola che funzioni.<\/span><\/p>\n<p class=\"MsoNormal\" style=\"text-align: justify;\"><span style=\"Verdana;\">Tremonti, invece, da una parte viaggiava con la mente in Inghilterra dove, nelle classi, vengono stilate delle vere e proprie classifiche degli studenti e, dall\u2019altra, rimpiangeva gli anni in cui si davano le valutazioni con i numeri, proponendo l\u2019abolizione, fin dalle elementari, del voto con giudizio per ritornare ai tanto amati \u201cvoti numerici\u201d (vi ricorda qualcosa? Gi\u00e0! La proposta \u00e8 stata subito accolta dalla Gelmini che l\u2019ha introdotta nel decreto legge approvato nei giorni scorsi).<\/span><\/p>\n<p class=\"MsoNormal\" style=\"text-align: justify;\"><span style=\"Verdana;\">Il giorno dopo nuova lettera: questa volta per\u00f2 del ministro ombra per l\u2019Istruzione del Pd, MariapiaGaravaglia. Anche quest\u2019ultima, pur affermando alcune cose condivisibili, non ci risparmia una dichiarazione davvero sconcertante: \u201cE\u2019 compito della scuola e degli insegnanti fare che il web non costituisca un confuso contenitore all\u2019interno del quale \u00e8 possibile per ogni giovane trovare tutto e il suo contrario\u201d. Ci mancava pure il web controllato\u2026 ! <\/span><\/p>\n<p class=\"MsoNormal\" style=\"text-align: justify;\"><span style=\"Verdana;\">E ora \u00e8 finita? Parrebbe di s\u00ec, anche se attendiamo a breve la polemica sui rimandati\u2026 Questa volta chi si pronuncer\u00e0? Si accettano scommesse. <\/span><\/p>\n","protected":false},"excerpt":{"rendered":"<p>Inauguriamo con questo post una nuova rubrica del blog &#8220;Io Partecipo&#8221;. DICO LA MIA sar\u00e0 la rubrica a firma degli stessi msacchini, provenienti dalle diverse diocesi di Italia. Su &#8220;Dico la Mia!&#8221; potrete provare voi stessi a commentare i fatti di cronaca riguardanti la scuola, oppure farci conoscere ci\u00f2 che accade nelle vostre realt\u00e0. Per [&hellip;]<\/p>\n","protected":false},"author":5,"featured_media":0,"comment_status":"open","ping_status":"closed","sticky":false,"template":"","format":"standard","meta":[],"categories":[7],"tags":[],"_links":{"self":[{"href":"https:\/\/iopartecipo.azionecattolica.it\/index.php?rest_route=\/wp\/v2\/posts\/68"}],"collection":[{"href":"https:\/\/iopartecipo.azionecattolica.it\/index.php?rest_route=\/wp\/v2\/posts"}],"about":[{"href":"https:\/\/iopartecipo.azionecattolica.it\/index.php?rest_route=\/wp\/v2\/types\/post"}],"author":[{"embeddable":true,"href":"https:\/\/iopartecipo.azionecattolica.it\/index.php?rest_route=\/wp\/v2\/users\/5"}],"replies":[{"embeddable":true,"href":"https:\/\/iopartecipo.azionecattolica.it\/index.php?rest_route=%2Fwp%2Fv2%2Fcomments&post=68"}],"version-history":[{"count":15,"href":"https:\/\/iopartecipo.azionecattolica.it\/index.php?rest_route=\/wp\/v2\/posts\/68\/revisions"}],"predecessor-version":[{"id":76,"href":"https:\/\/iopartecipo.azionecattolica.it\/index.php?rest_route=\/wp\/v2\/posts\/68\/revisions\/76"}],"wp:attachment":[{"href":"https:\/\/iopartecipo.azionecattolica.it\/index.php?rest_route=%2Fwp%2Fv2%2Fmedia&parent=68"}],"wp:term":[{"taxonomy":"category","embeddable":true,"href":"https:\/\/iopartecipo.azionecattolica.it\/index.php?rest_route=%2Fwp%2Fv2%2Fcategories&post=68"},{"taxonomy":"post_tag","embeddable":true,"href":"https:\/\/iopartecipo.azionecattolica.it\/index.php?rest_route=%2Fwp%2Fv2%2Ftags&post=68"}],"curies":[{"name":"wp","href":"https:\/\/api.w.org\/{rel}","templated":true}]}}