{"id":684,"date":"2009-07-10T17:33:10","date_gmt":"2009-07-10T16:33:10","guid":{"rendered":"http:\/\/www.azionecattolica.it\/net\/iopartecipo\/?p=684"},"modified":"2009-07-10T17:33:10","modified_gmt":"2009-07-10T16:33:10","slug":"forum-delle-associazioni-studentesche","status":"publish","type":"post","link":"https:\/\/iopartecipo.azionecattolica.it\/?p=684","title":{"rendered":"Forum delle Associazioni Studentesche"},"content":{"rendered":"<p>Ieri (9 luglio 2009), presso il Ministero della Pubblica Istruzione, si \u00e8 tenuta la riunione del Forum delle associazioni studentesche maggiormente rappresentative. All&#8217;incontro hanno partecipato alcuni dirigenti del Ministero e il Consigliere politico del Ministro Gelmini per l&#8217;edilizia scolastica. Assente il Ministro impegnata ad accompagnare le first ladies nella visita all&#8217;Aquila per il G8.\u00a0<\/p>\n<p>I punti all&#8217;ordine del giorno erano Edilizia Scolastica, Diritto allo Studio, Riordino istruzione tecnica e professionale e riordino dei licei.<\/p>\n<p>\u00a0<\/p>\n<p>Per l&#8217;edilizia scolastica, il consigliere politico della Gelmini ha illustrato il lavoro fatto durante questo anno, i progetti futuri e la situazione dell&#8217;anagrafe dell&#8217;edilizia scolastica<\/p>\n<p>Per il riordino dell&#8217;Istruzione Secondaria di Secondo Grado, invece, \u00e8 intervenuto un dirigente ministeriale che, insieme al Ministro, si \u00e8 occupato della stesura del testo di &#8220;riforma&#8221;: molte le novit\u00e0. Il dirigente del ministero comunque si \u00e8 dimostrato disponibile ad un confronto con le associazioni per migliorare il testo.\u00a0<\/p>\n<p>\u00e8 stato anche annunciato che entro la fine di Luglio il Ministro Gelmini incontrer\u00e0 le varie associazioni<\/p>\n<p>Sul tema del diritto allo studio per ora \u00e8 ancora tutto fermo &#8211; ha spiegato la dott.ssa Boda. Si dovr\u00e0 attendere l&#8217;inizio del nuovo anno scolastico per aprire una nuova riflessione sul tema.<\/p>\n","protected":false},"excerpt":{"rendered":"<p>Ieri (9 luglio 2009), presso il Ministero della Pubblica Istruzione, si \u00e8 tenuta la riunione del Forum delle associazioni studentesche maggiormente rappresentative. All&#8217;incontro hanno partecipato alcuni dirigenti del Ministero e il Consigliere politico del Ministro Gelmini per l&#8217;edilizia scolastica. Assente il Ministro impegnata ad accompagnare le first ladies nella visita all&#8217;Aquila per il G8.\u00a0 I [&hellip;]<\/p>\n","protected":false},"author":5,"featured_media":0,"comment_status":"open","ping_status":"open","sticky":false,"template":"","format":"standard","meta":[],"categories":[1],"tags":[],"_links":{"self":[{"href":"https:\/\/iopartecipo.azionecattolica.it\/index.php?rest_route=\/wp\/v2\/posts\/684"}],"collection":[{"href":"https:\/\/iopartecipo.azionecattolica.it\/index.php?rest_route=\/wp\/v2\/posts"}],"about":[{"href":"https:\/\/iopartecipo.azionecattolica.it\/index.php?rest_route=\/wp\/v2\/types\/post"}],"author":[{"embeddable":true,"href":"https:\/\/iopartecipo.azionecattolica.it\/index.php?rest_route=\/wp\/v2\/users\/5"}],"replies":[{"embeddable":true,"href":"https:\/\/iopartecipo.azionecattolica.it\/index.php?rest_route=%2Fwp%2Fv2%2Fcomments&post=684"}],"version-history":[{"count":1,"href":"https:\/\/iopartecipo.azionecattolica.it\/index.php?rest_route=\/wp\/v2\/posts\/684\/revisions"}],"predecessor-version":[{"id":685,"href":"https:\/\/iopartecipo.azionecattolica.it\/index.php?rest_route=\/wp\/v2\/posts\/684\/revisions\/685"}],"wp:attachment":[{"href":"https:\/\/iopartecipo.azionecattolica.it\/index.php?rest_route=%2Fwp%2Fv2%2Fmedia&parent=684"}],"wp:term":[{"taxonomy":"category","embeddable":true,"href":"https:\/\/iopartecipo.azionecattolica.it\/index.php?rest_route=%2Fwp%2Fv2%2Fcategories&post=684"},{"taxonomy":"post_tag","embeddable":true,"href":"https:\/\/iopartecipo.azionecattolica.it\/index.php?rest_route=%2Fwp%2Fv2%2Ftags&post=684"}],"curies":[{"name":"wp","href":"https:\/\/api.w.org\/{rel}","templated":true}]}}