{"id":689,"date":"2009-07-15T10:47:30","date_gmt":"2009-07-15T09:47:30","guid":{"rendered":"http:\/\/www.azionecattolica.it\/net\/iopartecipo\/?p=689"},"modified":"2009-09-23T09:03:08","modified_gmt":"2009-09-23T08:03:08","slug":"tesine-desame-quando-la-tesina-ha-uno-sfondo-solidale","status":"publish","type":"post","link":"https:\/\/iopartecipo.azionecattolica.it\/?p=689","title":{"rendered":"Tesine d&#8217;Esame: quando la tesina ha &#8220;uno sfondo solidale&#8221;"},"content":{"rendered":"<p>Oggi leggendo il Corriere della Sera ho notato questo articolo che mi ha molto incuriosito&#8230; Ve lo segnalo perch\u00e8 possa far riflettere pure voi&#8230;<\/p>\n<p>Ovviamente come sempre ogni vostra riflessione \u00e8 ben accetta!!!!<\/p>\n<p>da Corriere della Sera<\/p>\n<h3>Invenzione Studente del liceo di Carpi<\/h3>\n<h1>Un braccio bionico come tesina all&#8217;esame \u00abServir\u00e0 a un&#8217;amica\u00bb<\/h1>\n<p>DAL NOSTRO INVIATO<\/p>\n<p>CARPI (Modena) &#8211; Il primo braccio bionico lo ide\u00f2 e lo co\u00adstru\u00ec in casa, tutto da solo, tra un compito e l&#8217;altro, sotto gli sguardi sempre pi\u00f9 attoniti dei genitori, quando aveva poco me\u00adno di 10 anni: \u00abFacevo le scuole elementari e un giorno successe una cosa che mi impression\u00f2 moltissimo: una mia amichetta perse in un incidente l&#8217;uso di una mano. Mi fece una grande tristezza e decisi che si doveva fa\u00adre qualcosa&#8230;\u00bb. Cominci\u00f2 allora, Francesco Morselli da Carpi, pro\u00advincia di Modena, 19 anni e una testa, un talento, un ingegno che sprecare sarebbe un delitto, a co\u00adstruire bracci bionici. Uno dopo l&#8217;altro. \u00abPrototipi\u00bb li chiama lui. L&#8217;ultimo, ma solo in ordine di tempo, lo ha portato due giorni fa davanti ai commissari d&#8217;esa\u00adme della maturit\u00e0 al liceo scienti\u00adfico Fanti di Carpi. Avrebbe do\u00advuto essere la sua \u00abtesina\u00bb.<\/p>\n<p>\u00c8 stato un trionfo, ovviamen\u00adte. Gli insegnanti non credevano ai propri occhi. Il presidente di commissione si \u00e8 alzato, gli ha stretto la mano: \u00abMi congratulo con il candidato che, oltre ad ave\u00adre ampie competenze nel campo dell&#8217;informatica e dell&#8217;elet\u00adtromeccanica, ha evidenziato un&#8217;abilit\u00e0 e un ingegno applicati\u00advo non comuni\u00bb. Eppure, per di\u00adre il tipo, poco ci \u00e8 mancato che Francesco si scusasse: \u00abMa s\u00ec, perch\u00e9 il braccio bionico che ho portato a scuola non \u00e8 del tutto funzionante: non ho avuto il tempo di completare il sistema di controllo. Per\u00f2 \u00e8 pur sempre un passo avanti, un&#8217;evoluzione, dei precedenti prototipi\u00bb.<\/p>\n<p>Il primo braccio bionico, quel\u00adlo costruito alle elementari quan\u00addo i coetanei ancora giocavano con il Lego, \u00abera una mano che salutava\u00bb. Ciao, ciao: pratica\u00admente un omaggio a quella ami\u00adchetta del banco vicino, \u00abimmo\u00adbile al suo posto, impossibilitata a scrivere e a giocare&#8230;\u00bb. Poi, con gli anni, Francesco ha affinato tecniche e competenza: \u00abMerito del mio professore di fisica\u00bb rico\u00adnosce. E anche di alcuni periodi di lavoro trascorsi in un&#8217;officina meccanica: \u00abDove ho rubato qualche segreto&#8230;\u00bb. E infine i li\u00adbri di informatica, la sua passio\u00adne: \u00abLi divoro\u00bb. I risultati si so\u00adno visti, un crescendo: \u00abDopo la mano che salutava, ne ho costru\u00adita una in grado di suonare il pia\u00adnoforte e un&#8217;altra che afferrava il bicchiere: insomma, mi diver\u00adto&#8230; \u00bb.<\/p>\n<p>Mass\u00ec, si diverte. Giocherel\u00adlando con la sua genialit\u00e0. Hob\u00adby economico, tra l&#8217;altro, cos\u00ec al\u00admeno assicura: \u00abHo sempre usa\u00adto materiali di riciclo, soprattut\u00adto giocattoli che avevo da bambi\u00adno. La struttura dell&#8217;arto \u00e8 in pla\u00adstica e legno, mentre per i mu\u00adscoli utilizzo tubolari in nylon\u00bb. Nella sua tesina, Francesco ha il\u00adlustrato ai commissari il funzio\u00adnamento del braccio bionico: \u00abIl movimento \u00e8 reso possibile da un&#8217;interfaccia elettronica che preleva gli impulsi elettrici dal cervello, mentre una serie di ca\u00advi pneumatici controllano i mo\u00advimenti dell&#8217;arto\u00bb. Dai commis\u00adsari nessuna obiezione, ci man\u00adcherebbe. \u00abIl voto? Ancora non lo so, ma so che mi iscriver\u00f2 a Bologna ad ingegneria dell&#8217;auto\u00admazione&#8230;\u00bb.<\/p>\n<p>Francesco Alberti<br \/>\n<strong>15 luglio\u00a02009<\/strong><\/p>\n","protected":false},"excerpt":{"rendered":"<p>Oggi leggendo il Corriere della Sera ho notato questo articolo che mi ha molto incuriosito&#8230; Ve lo segnalo perch\u00e8 possa far riflettere pure voi&#8230; Ovviamente come sempre ogni vostra riflessione \u00e8 ben accetta!!!! da Corriere della Sera Invenzione Studente del liceo di Carpi Un braccio bionico come tesina all&#8217;esame \u00abServir\u00e0 a un&#8217;amica\u00bb DAL NOSTRO INVIATO [&hellip;]<\/p>\n","protected":false},"author":5,"featured_media":0,"comment_status":"open","ping_status":"open","sticky":false,"template":"","format":"standard","meta":[],"categories":[5],"tags":[],"_links":{"self":[{"href":"https:\/\/iopartecipo.azionecattolica.it\/index.php?rest_route=\/wp\/v2\/posts\/689"}],"collection":[{"href":"https:\/\/iopartecipo.azionecattolica.it\/index.php?rest_route=\/wp\/v2\/posts"}],"about":[{"href":"https:\/\/iopartecipo.azionecattolica.it\/index.php?rest_route=\/wp\/v2\/types\/post"}],"author":[{"embeddable":true,"href":"https:\/\/iopartecipo.azionecattolica.it\/index.php?rest_route=\/wp\/v2\/users\/5"}],"replies":[{"embeddable":true,"href":"https:\/\/iopartecipo.azionecattolica.it\/index.php?rest_route=%2Fwp%2Fv2%2Fcomments&post=689"}],"version-history":[{"count":3,"href":"https:\/\/iopartecipo.azionecattolica.it\/index.php?rest_route=\/wp\/v2\/posts\/689\/revisions"}],"predecessor-version":[{"id":753,"href":"https:\/\/iopartecipo.azionecattolica.it\/index.php?rest_route=\/wp\/v2\/posts\/689\/revisions\/753"}],"wp:attachment":[{"href":"https:\/\/iopartecipo.azionecattolica.it\/index.php?rest_route=%2Fwp%2Fv2%2Fmedia&parent=689"}],"wp:term":[{"taxonomy":"category","embeddable":true,"href":"https:\/\/iopartecipo.azionecattolica.it\/index.php?rest_route=%2Fwp%2Fv2%2Fcategories&post=689"},{"taxonomy":"post_tag","embeddable":true,"href":"https:\/\/iopartecipo.azionecattolica.it\/index.php?rest_route=%2Fwp%2Fv2%2Ftags&post=689"}],"curies":[{"name":"wp","href":"https:\/\/api.w.org\/{rel}","templated":true}]}}