{"id":691,"date":"2009-07-15T16:41:40","date_gmt":"2009-07-15T15:41:40","guid":{"rendered":"http:\/\/www.azionecattolica.it\/net\/iopartecipo\/?p=691"},"modified":"2009-09-23T09:03:34","modified_gmt":"2009-09-23T08:03:34","slug":"il-msac-per-labruzzo-appello-ai-circoli","status":"publish","type":"post","link":"https:\/\/iopartecipo.azionecattolica.it\/?p=691","title":{"rendered":"Il MSAC per l&#8217;Abruzzo: appello ai circoli!"},"content":{"rendered":"<p style=\"text-align: justify;\">\n<p style=\"text-align: justify;\"><img loading=\"lazy\" class=\"aligncenter\" src=\"http:\/\/www.pubblica.istruzione.it\/images\/p_istruzione\/banner_abruzzo.gif\" alt=\"\" width=\"556\" height=\"102\" \/><\/p>\n<p style=\"text-align: justify;\">Carissimi msacchini, il Ministero dell&#8217;Istruzione ci chiama a collaborare per la proposta estiva agli studenti delle citt\u00e0 terremotate dell&#8217;Abruzzo. La richiesta \u00e8 questa: <strong>ospitare, a gruppi di 2,3 o pi\u00f9, i giovanissimi studenti delle citt\u00e0 colpite dal terremoto in occasione dei propri campi diocesani o comunque delle proprie attivit\u00e0 estive. <\/strong>Se ogni circolo diocesano ospitasse al proprio campo diocesano 2 ragazzi abruzzesi, offrendo loro vitto alloggio e magari un contributo per il viaggio, sarebbe una bella occasione di scambio ed un gesto di solidariet\u00e0 concreta per animare l&#8217;estate di questi giovani.<\/p>\n<p style=\"text-align: justify;\">Vi ricordiamo invece di agire insieme alla vostra <strong>CARITAS regionale <\/strong>per andare in Abruzzo come volontari per periodi di qualche settimana (piccoli gruppi al max di 10-15 volontari)<\/p>\n<p style=\"text-align: justify;\">Per le offerte di ospitalit\u00e0 contattate invece il ministero all&#8217;indirizzo di <a href=\"mailto:giovanna.boda@istruzione.it\">giovanna.boda@istruzione.it<\/a><\/p>\n","protected":false},"excerpt":{"rendered":"<p>Carissimi msacchini, il Ministero dell&#8217;Istruzione ci chiama a collaborare per la proposta estiva agli studenti delle citt\u00e0 terremotate dell&#8217;Abruzzo. La richiesta \u00e8 questa: ospitare, a gruppi di 2,3 o pi\u00f9, i giovanissimi studenti delle citt\u00e0 colpite dal terremoto in occasione dei propri campi diocesani o comunque delle proprie attivit\u00e0 estive. Se ogni circolo diocesano ospitasse [&hellip;]<\/p>\n","protected":false},"author":3,"featured_media":0,"comment_status":"open","ping_status":"open","sticky":false,"template":"","format":"standard","meta":[],"categories":[1],"tags":[],"_links":{"self":[{"href":"https:\/\/iopartecipo.azionecattolica.it\/index.php?rest_route=\/wp\/v2\/posts\/691"}],"collection":[{"href":"https:\/\/iopartecipo.azionecattolica.it\/index.php?rest_route=\/wp\/v2\/posts"}],"about":[{"href":"https:\/\/iopartecipo.azionecattolica.it\/index.php?rest_route=\/wp\/v2\/types\/post"}],"author":[{"embeddable":true,"href":"https:\/\/iopartecipo.azionecattolica.it\/index.php?rest_route=\/wp\/v2\/users\/3"}],"replies":[{"embeddable":true,"href":"https:\/\/iopartecipo.azionecattolica.it\/index.php?rest_route=%2Fwp%2Fv2%2Fcomments&post=691"}],"version-history":[{"count":2,"href":"https:\/\/iopartecipo.azionecattolica.it\/index.php?rest_route=\/wp\/v2\/posts\/691\/revisions"}],"predecessor-version":[{"id":754,"href":"https:\/\/iopartecipo.azionecattolica.it\/index.php?rest_route=\/wp\/v2\/posts\/691\/revisions\/754"}],"wp:attachment":[{"href":"https:\/\/iopartecipo.azionecattolica.it\/index.php?rest_route=%2Fwp%2Fv2%2Fmedia&parent=691"}],"wp:term":[{"taxonomy":"category","embeddable":true,"href":"https:\/\/iopartecipo.azionecattolica.it\/index.php?rest_route=%2Fwp%2Fv2%2Fcategories&post=691"},{"taxonomy":"post_tag","embeddable":true,"href":"https:\/\/iopartecipo.azionecattolica.it\/index.php?rest_route=%2Fwp%2Fv2%2Ftags&post=691"}],"curies":[{"name":"wp","href":"https:\/\/api.w.org\/{rel}","templated":true}]}}