{"id":696,"date":"2009-08-03T08:08:36","date_gmt":"2009-08-03T07:08:36","guid":{"rendered":"http:\/\/www.azionecattolica.it\/net\/iopartecipo\/?p=696"},"modified":"2009-08-03T08:09:25","modified_gmt":"2009-08-03T07:09:25","slug":"inchiesta-di-legambiente-sulledilizia-pubblica","status":"publish","type":"post","link":"https:\/\/iopartecipo.azionecattolica.it\/?p=696","title":{"rendered":"Inchiesta di Legambiente sull&#8217;edilizia pubblica"},"content":{"rendered":"<p style=\"text-align: center;\"><img loading=\"lazy\" class=\"aligncenter\" src=\"http:\/\/www.legambiente.eu\/globali\/marchi\/legambiente_ovale.gif\" alt=\"\" width=\"329\" height=\"207\" \/><\/p>\n<p style=\"text-align: center;\"><strong>Il paese dai piedi d&#8217;argilla<\/strong><\/p>\n<p style=\"text-align: justify;\">Ci sono, strade, ponti, gallerie, scuole, ospedali sparsi in tutta Italia e soprattutto nel Meriodione nel lungo elenco stilato da Legambiente nel dossier <strong>\u201cCemento disarmato. Storie di un Paese a rischio crollo, tra sabbia e cemento\u201d<\/strong>. Dopo il caso della casa dello Studente de l&#8217;Aquila, Legambiente, che per monitorare la situazione dell\u2019illegalit\u00e0 ambientale in Italia ha messo in piedi un vero e proprio Osservatorio, ha raccolto in un documento l\u2019elenco delle opere oggetto d\u2019inchiesta da parte delle Procure della Repubblica in giro per l\u2019Italia. Elemento comune di ogni storia \u00e8 la mano della criminalit\u00e0 organizzata che lucra e realizza fondi neri risparmiando sul cemento e sostituendolo con la sabbia. CEMENTO DEPOTENZIATO, si chiama. Cemento briciola, se preferite. perch\u00e8 la sabbia del mare corrode l&#8217;acciaio gi\u00e0 dopo i primi tre-cinque anni e di antisismico non resta pi\u00f9 niente.<\/p>\n<p style=\"text-align: justify;\">Tra le storie del dossier Sicilia, Campania, Puglia, Molise, Calabria, ma anche il nord, con le aitostrade e i trafori del Trentino, per un intero paese dai <em>piedi d&#8217;argilla<\/em>. \u201cRiteniamo \u2013 afferma Legambiente &#8211; che questi casi siano solo la punta di un iceberg di un sistema che per trent\u2019anni ha prodotto manufatti e opere soprattutto d\u2019interesse pubblico sulle quali \u00e8 necessario, a nostro avviso, un\u2019azione di monitoraggio e severo controllo. Per questo chiediamo al Ministro delle Infrastrutture di avviare un piano straordinario che, partendo da ospedali e scuole, effettui una ricognizione sulla qualit\u00e0 del costruito\u201d.<\/p>\n<p><a href=\"http:\/\/www.legambiente.eu\/documenti\/2009\/0521_dossiervari\/DossierCementodisarmato2009.pdf\">Il dossier<\/a><\/p>\n","protected":false},"excerpt":{"rendered":"<p>Il paese dai piedi d&#8217;argilla Ci sono, strade, ponti, gallerie, scuole, ospedali sparsi in tutta Italia e soprattutto nel Meriodione nel lungo elenco stilato da Legambiente nel dossier \u201cCemento disarmato. Storie di un Paese a rischio crollo, tra sabbia e cemento\u201d. Dopo il caso della casa dello Studente de l&#8217;Aquila, Legambiente, che per monitorare la [&hellip;]<\/p>\n","protected":false},"author":3,"featured_media":0,"comment_status":"open","ping_status":"open","sticky":false,"template":"","format":"standard","meta":[],"categories":[6],"tags":[],"_links":{"self":[{"href":"https:\/\/iopartecipo.azionecattolica.it\/index.php?rest_route=\/wp\/v2\/posts\/696"}],"collection":[{"href":"https:\/\/iopartecipo.azionecattolica.it\/index.php?rest_route=\/wp\/v2\/posts"}],"about":[{"href":"https:\/\/iopartecipo.azionecattolica.it\/index.php?rest_route=\/wp\/v2\/types\/post"}],"author":[{"embeddable":true,"href":"https:\/\/iopartecipo.azionecattolica.it\/index.php?rest_route=\/wp\/v2\/users\/3"}],"replies":[{"embeddable":true,"href":"https:\/\/iopartecipo.azionecattolica.it\/index.php?rest_route=%2Fwp%2Fv2%2Fcomments&post=696"}],"version-history":[{"count":2,"href":"https:\/\/iopartecipo.azionecattolica.it\/index.php?rest_route=\/wp\/v2\/posts\/696\/revisions"}],"predecessor-version":[{"id":698,"href":"https:\/\/iopartecipo.azionecattolica.it\/index.php?rest_route=\/wp\/v2\/posts\/696\/revisions\/698"}],"wp:attachment":[{"href":"https:\/\/iopartecipo.azionecattolica.it\/index.php?rest_route=%2Fwp%2Fv2%2Fmedia&parent=696"}],"wp:term":[{"taxonomy":"category","embeddable":true,"href":"https:\/\/iopartecipo.azionecattolica.it\/index.php?rest_route=%2Fwp%2Fv2%2Fcategories&post=696"},{"taxonomy":"post_tag","embeddable":true,"href":"https:\/\/iopartecipo.azionecattolica.it\/index.php?rest_route=%2Fwp%2Fv2%2Ftags&post=696"}],"curies":[{"name":"wp","href":"https:\/\/api.w.org\/{rel}","templated":true}]}}