{"id":716,"date":"2009-09-14T23:27:15","date_gmt":"2009-09-14T22:27:15","guid":{"rendered":"http:\/\/www.azionecattolica.it\/net\/iopartecipo\/?p=716"},"modified":"2009-09-23T09:02:39","modified_gmt":"2009-09-23T08:02:39","slug":"in-bocca-al-lupo-2","status":"publish","type":"post","link":"https:\/\/iopartecipo.azionecattolica.it\/?p=716","title":{"rendered":"IN BOCCA AL LUPO"},"content":{"rendered":"<p>L&#8217;esate che si \u00e8 appena conclusa di certo, per la scuola italiana, non \u00e8 stata tra le pi\u00f9 tranquille: tutto ha avuto inizio con le dichiarazioni del Ministro Umberto Bossi (anche l&#8217;anno scorso era stato Bossi ha dare il via al Valzer delle dichiarazioni estive sulla scuola&#8230;) e di altri esponenti della Lega Nord, i quali sostenevano che nella scuola italiana fosse necessaria l&#8217;introduzione dello studio obbligatorio del dialetto e l&#8217;introduzione, per tutti gli insegnanti, di un test sulla conoscenza del dialetto della regione (o addirittura del paese) nel quale insegnano&#8230; Ma ben presto altri autorevoli esponenti del governo hanno dichiarato che queste affermazioni erano dovute soltanto al &#8220;caldo estivo&#8221;&#8230; Sar\u00e0? mah&#8230;.\u00a0Poi c&#8217;\u00e8 stato il polverone sulla sentenza del Tar che prevedeva l&#8217;esclusione dei professori di religione dallo scrutinio, ma anche questo tema ha avuto vita breve&#8230; buon segno??? Forse&#8230; Poi sono state anche altre le discussioni che hanno interessato la nostra scuola, ma anche queste sono &#8220;morte&#8221;!<\/p>\n<p>E ora? Ora che cosa succede?? tutti tornano in classe sotto il segno delle proteste dei precari della scuola che fanno intendere che anche quest&#8217;anno \u00e8 in arrivo un autunno caldo, ovviamente per la scuola italiana&#8230;<\/p>\n<p>Ecco perch\u00e9, anche quest&#8217;anno, non pu\u00f2 mancare il nostro IN BOCCA AL LUPO a tutti gli studenti e in particolare a tutti i msacchini d&#8217;Italia per un buon inizio!!!<\/p>\n<p>w il Movimento!!!!!!!!!!! yeah&#8230;<\/p>\n<p>p.s. CANDIDATEVI COME RAPPRESENTANTI di CLASSE o d&#8217;ISTITUTO!!! Ricordate: un msacchino non sta mai fermo a guardare \ud83d\ude09<\/p>\n","protected":false},"excerpt":{"rendered":"<p>L&#8217;esate che si \u00e8 appena conclusa di certo, per la scuola italiana, non \u00e8 stata tra le pi\u00f9 tranquille: tutto ha avuto inizio con le dichiarazioni del Ministro Umberto Bossi (anche l&#8217;anno scorso era stato Bossi ha dare il via al Valzer delle dichiarazioni estive sulla scuola&#8230;) e di altri esponenti della Lega Nord, i [&hellip;]<\/p>\n","protected":false},"author":5,"featured_media":0,"comment_status":"open","ping_status":"open","sticky":false,"template":"","format":"standard","meta":[],"categories":[5],"tags":[],"_links":{"self":[{"href":"https:\/\/iopartecipo.azionecattolica.it\/index.php?rest_route=\/wp\/v2\/posts\/716"}],"collection":[{"href":"https:\/\/iopartecipo.azionecattolica.it\/index.php?rest_route=\/wp\/v2\/posts"}],"about":[{"href":"https:\/\/iopartecipo.azionecattolica.it\/index.php?rest_route=\/wp\/v2\/types\/post"}],"author":[{"embeddable":true,"href":"https:\/\/iopartecipo.azionecattolica.it\/index.php?rest_route=\/wp\/v2\/users\/5"}],"replies":[{"embeddable":true,"href":"https:\/\/iopartecipo.azionecattolica.it\/index.php?rest_route=%2Fwp%2Fv2%2Fcomments&post=716"}],"version-history":[{"count":2,"href":"https:\/\/iopartecipo.azionecattolica.it\/index.php?rest_route=\/wp\/v2\/posts\/716\/revisions"}],"predecessor-version":[{"id":752,"href":"https:\/\/iopartecipo.azionecattolica.it\/index.php?rest_route=\/wp\/v2\/posts\/716\/revisions\/752"}],"wp:attachment":[{"href":"https:\/\/iopartecipo.azionecattolica.it\/index.php?rest_route=%2Fwp%2Fv2%2Fmedia&parent=716"}],"wp:term":[{"taxonomy":"category","embeddable":true,"href":"https:\/\/iopartecipo.azionecattolica.it\/index.php?rest_route=%2Fwp%2Fv2%2Fcategories&post=716"},{"taxonomy":"post_tag","embeddable":true,"href":"https:\/\/iopartecipo.azionecattolica.it\/index.php?rest_route=%2Fwp%2Fv2%2Ftags&post=716"}],"curies":[{"name":"wp","href":"https:\/\/api.w.org\/{rel}","templated":true}]}}