{"id":743,"date":"2009-09-23T01:05:14","date_gmt":"2009-09-23T00:05:14","guid":{"rendered":"http:\/\/www.azionecattolica.it\/net\/iopartecipo\/?p=743"},"modified":"2009-09-22T17:07:12","modified_gmt":"2009-09-22T16:07:12","slug":"la-gelmini-riferisce-al-senato","status":"publish","type":"post","link":"https:\/\/iopartecipo.azionecattolica.it\/?p=743","title":{"rendered":"La Gelmini riferisce al Senato"},"content":{"rendered":"<p style=\"text-align: center;\">\nLa  Commissione Istruzione del Senato ha in programma, per <strong>mercoled\u00ec 23 settembre<\/strong> alle ore  14,30, l&#8217;audizione del Ministro dell&#8217;istruzione, dell&#8217;universit\u00e0 e della ricerca che riferir\u00e0 sull&#8217;avvio dell&#8217;anno scolastico 2009\/2010<\/p>\n","protected":false},"excerpt":{"rendered":"<p>La Commissione Istruzione del Senato ha in programma, per mercoled\u00ec 23 settembre alle ore 14,30, l&#8217;audizione del Ministro dell&#8217;istruzione, dell&#8217;universit\u00e0 e della ricerca che riferir\u00e0 sull&#8217;avvio dell&#8217;anno scolastico 2009\/2010<\/p>\n","protected":false},"author":1,"featured_media":0,"comment_status":"open","ping_status":"open","sticky":false,"template":"","format":"standard","meta":[],"categories":[12],"tags":[],"_links":{"self":[{"href":"https:\/\/iopartecipo.azionecattolica.it\/index.php?rest_route=\/wp\/v2\/posts\/743"}],"collection":[{"href":"https:\/\/iopartecipo.azionecattolica.it\/index.php?rest_route=\/wp\/v2\/posts"}],"about":[{"href":"https:\/\/iopartecipo.azionecattolica.it\/index.php?rest_route=\/wp\/v2\/types\/post"}],"author":[{"embeddable":true,"href":"https:\/\/iopartecipo.azionecattolica.it\/index.php?rest_route=\/wp\/v2\/users\/1"}],"replies":[{"embeddable":true,"href":"https:\/\/iopartecipo.azionecattolica.it\/index.php?rest_route=%2Fwp%2Fv2%2Fcomments&post=743"}],"version-history":[{"count":1,"href":"https:\/\/iopartecipo.azionecattolica.it\/index.php?rest_route=\/wp\/v2\/posts\/743\/revisions"}],"predecessor-version":[{"id":744,"href":"https:\/\/iopartecipo.azionecattolica.it\/index.php?rest_route=\/wp\/v2\/posts\/743\/revisions\/744"}],"wp:attachment":[{"href":"https:\/\/iopartecipo.azionecattolica.it\/index.php?rest_route=%2Fwp%2Fv2%2Fmedia&parent=743"}],"wp:term":[{"taxonomy":"category","embeddable":true,"href":"https:\/\/iopartecipo.azionecattolica.it\/index.php?rest_route=%2Fwp%2Fv2%2Fcategories&post=743"},{"taxonomy":"post_tag","embeddable":true,"href":"https:\/\/iopartecipo.azionecattolica.it\/index.php?rest_route=%2Fwp%2Fv2%2Ftags&post=743"}],"curies":[{"name":"wp","href":"https:\/\/api.w.org\/{rel}","templated":true}]}}