{"id":791,"date":"2009-09-24T22:58:46","date_gmt":"2009-09-24T21:58:46","guid":{"rendered":"http:\/\/www.azionecattolica.it\/net\/iopartecipo\/?p=791"},"modified":"2009-09-24T22:58:46","modified_gmt":"2009-09-24T21:58:46","slug":"il-saluto-di-napolitano-alla-scuola-italiana","status":"publish","type":"post","link":"https:\/\/iopartecipo.azionecattolica.it\/?p=791","title":{"rendered":"Il saluto di Napolitano alla Scuola Italiana"},"content":{"rendered":"<p><strong>Intervento del Presidente della Repubblica\u00a0Giorgio Napolitano\u00a0in occasione della cerimonia di apertura dell&#8217;anno scolastico 2009\/2010<\/strong><\/p>\n<p><em>Palazzo del Quirinale, 24 settembre 2009<\/em><\/p>\n<p>Rivolgo innanzitutto un cordiale saluto alle autorit\u00e0 che sono oggi qui in rappresentanza del Governo e del Parlamento. Anche quest&#8217;anno saluto e ringrazio tutti coloro che hanno contribuito a realizzare questa cerimonia, con il proprio lavoro e con la propria partecipazione. Un saluto speciale ai veri protagonisti dell&#8217;evento: ai ragazzi qui presenti, a quelli che ci seguono da lontano. Un saluto a tutto il mondo della scuola, con particolare affetto e fiducia agli insegnanti che sono il muro maestro della nostra scuola, ed egualmente ai tecnici, al personale non docente. E insieme un saluto alle famiglie degli alunni la cui partecipazione al progetto educativo dei figli e dei nipoti \u00e8 essenziale.<\/p>\n<p>In questa occasione, vorrei ricordare e ringraziare anche altre persone che lavorano per una buona scuola. Coloro che nel Ministero della Pubblica Istruzione, negli Uffici Scolastici regionali, negli assessorati di Regioni, Province e Comuni fanno funzionare la complessa macchina dell&#8217;istruzione, spesso aiutati da operatori del privato sociale, da studiosi di dipartimenti universitari e di centri di ricerca. In quest&#8217;area multiforme di istituzioni e di strutture operanti a tutti i livelli troviamo persone impegnate, creative, capaci di individuare problemi e proporre soluzioni nuove e socialmente utili. A questi silenziosi tessitori va la nostra gratitudine, e va il giusto sostegno e riconoscimento.<\/p>\n<p>Quest&#8217;anno proprio sull&#8217;istruzione si sono puntati i riflettori. La crisi economica che stiamo attraversando ha suscitato accese discussioni in merito alle migliori strategie da seguire per superarla. Ci sono state e ci sono &#8211; come \u00e8 normale &#8211; notevoli divergenze, ma su due punti si \u00e8 registrato un riconoscimento praticamente unanime. Dalla crisi l&#8217;Italia deve uscire migliore di come vi \u00e8 entrata, bisogna quindi guardare alle risorse &#8211; soprattutto intellettuali e politiche &#8211; su cui far leva per superare le ragioni di debolezza strutturale del nostro sistema economico e sociale, per renderne possibile una crescita pi\u00f9 sostenuta che negli ultimi dieci anni. Un&#8217;importante ragione strutturale di debolezza &#8211; e questo \u00e8 il secondo punto su cui si conviene &#8211; \u00e8 costituita dall&#8217;insufficiente valorizzazione del nostro capitale umano. Le persone, i paesi non sono solo ricchi o poveri di risorse naturali o di capitali, sono anche &#8211; e questo \u00e8 il fattore cruciale &#8211; ricchi o poveri di conoscenza e di attitudine a utilizzarla per affrontare situazioni, per risolvere problemi. La buona istruzione serve agli individui per lavorare con successo, e rendere quindi pi\u00f9 ricchi se stessi e il proprio paese, e serve anche a vivere con intelligenza, a realizzare se stessi. E&#8217; di recente scomparso Ralf Dahrendorf, un grande scienziato sociale politicamente impegnato, che sosteneva come la principale ragione per istruire i cittadini non fosse il fatto che ci\u00f2 comporta evidenti vantaggi economici per il paese, ma il principio secondo cui &#8220;ogni essere umano, dovunque sia nato e di chiunque sia figlio, deve avere l&#8217;opportunit\u00e0 di sviluppare i propri talenti&#8221;. E&#8217; quello che dice d&#8217;altronde l&#8217;articolo 2 della nostra Costituzione, quella &#8220;legge delle leggi&#8221; che, come ha ricordato il Ministro, \u00e8 oggetto di specifico insegnamento nelle scuole : &#8220;E&#8217; compito della Repubblica rimuovere gli ostacoli che impediscono il pieno sviluppo della persona umana&#8221;, dice la nostra Carta. E tra questi ostacoli il maggiore \u00e8 forse proprio quello di un insufficiente livello di istruzione.<\/p>\n<p>Ma l&#8217;Italia \u00e8 purtroppo un paese in cui l&#8217;istruzione non \u00e8 ancora abbastanza efficiente : quando confrontiamo le competenze acquisite a scuola dai ragazzi italiani con quelle dei coetanei dei paesi ad analogo livello di sviluppo in Europa e in Asia constatiamo nostre gravi carenze. Sappiamo da tempo che in questo campo c&#8217;\u00e8 soprattutto da sanare un grave squilibrio tra Nord e Sud. Serve un&#8217;istruzione migliore, un&#8217;istruzione che valorizzi anche la matematica e le materie scientifiche, troppo trascurate nel nostro paese, come ci spiegher\u00e0 Alberto Angela.<\/p>\n<p>Dobbiamo certo osservare con soddisfazione che anche in matematica e nelle materie scientifiche siamo capaci di produrre eccellenze. In vari recenti concorsi internazionali di matematica i nostri studenti si sono piazzati molto bene, lo stesso vale per i giovani scienziati. Ma un&#8217;istruzione migliore non significa un&#8217;istruzione che produce solo eccellenze, perch\u00e9 senza un tessuto di competenze diffuse un paese non cresce n\u00e9 economicamente, n\u00e9 civilmente. Un&#8217;istruzione migliore non significa di certo neppure un&#8217;istruzione di elite, riservata a pochi. Un paese giusto \u00e8 quel luogo in cui l&#8217;opportunit\u00e0 di un&#8217;istruzione di qualit\u00e0 \u00e8 offerta anche ai figli delle famiglie meno abbienti, anche a coloro che studiano nelle zone meno ricche del territorio nazionale, in modo che tutti i ragazzi possano sperare di vivere meglio, di affermarsi nelle professioni, di contribuire in tal modo al benessere complessivo del paese.<\/p>\n<p>Tuttavia, attenzione : n\u00e9 l&#8217;impegno dei poteri pubblici n\u00e9 gli sforzi di quanti operano nella scuola possono bastare, se non faranno la loro parte gli studenti. E&#8217; stato questo il messaggio di recente rivolto agli studenti americani dal Presidente Obama per il primo giorno di scuola : e voglio citarne qualche passaggio significativo, perch\u00e9 ci mostra come si tratti di esigenze che non conoscono confini, che valgono per l&#8217;America come per l&#8217;Italia. &#8220;Ho parlato &#8211; ha detto agli studenti il Presidente Obama &#8211; della responsabilit\u00e0 dei vostri insegnanti, di quella dei vostri genitori, di quella del governo : ma in definitiva nulla baster\u00e0 se voi non farete fronte alle vostre responsabilit\u00e0. L&#8217;educazione vi d\u00e0 l&#8217;opportunit\u00e0 di scoprire quel che di meglio avete in voi. E qualunque cosa vogliate fare nella vita, avrete bisogno di una buona educazione (&#8230;). So che talvolta la televisione vi d\u00e0 l&#8217;impressione di poter diventare ricchi e avere successo senza lavorare duramente : magari a basket o in un reality show. Ma il vero successo \u00e8 duro da raggiungere, richiede sforzi tenaci anche se non tutto quel che dovete studiare vi piace, e non tutti gli insegnanti vi piacciono&#8221;.<\/p>\n<p>Che cos\u00ec stiano le cose, lo sanno bene alcuni dei partecipanti a questa cerimonia : i giovani scienziati e inventori, i diplomati con 100 e lode dell&#8217;Aquila che hanno continuato a studiare all&#8217;indomani di una tragedia e in condizioni difficili. Lo sanno i campioni delle Olimpiadi che si sottopongono ad allenamenti massacranti senza per questo abbandonare lo studio. Anche chi canta, chi fa parte di cori, come quelli presenti qui quest&#8217;anno, chi compone o suona musica, sa che per riuscire occorrono fatica, impegno, esercizio. Qualche successo effimero si pu\u00f2 anche ottenere per caso, con compromessi o con l&#8217;inganno, ma solo il duro lavoro d\u00e0 risultati duraturi, in tutti i campi. E solo quando non si lavora solo per se stessi si ottengono risultati appaganti : solo quando si lavora per la comunit\u00e0, per il paese.<\/p>\n<p>Quando dico &#8220;la comunit\u00e0&#8221;, quando dico &#8220;il paese&#8221;, intendo la patria. E&#8217; una parola, questa, che non bisogna esitare a pronunciare per paura di cadere nella retorica. No, non \u00e8 stato retorica, nei giorni scorsi, il provare dolore, il commuoverci per i sei giovani militari italiani caduti in Afganistan, il rendere loro omaggio solenne, lo stringerci attorno alle loro famiglie cos\u00ec esemplari per forza d&#8217;animo e compostezza.<\/p>\n<p>Quel che hanno significato per pi\u00f9 generazioni di italiani la conquista e la riconquista del senso della patria, la faticosa, aspra realizzazione del grande sogno di uno Stato nazionale unitario, avrete modo di studiarlo &#8211; come ha detto il ministro Gelmini, e apprezzo molto questo suo impegno &#8211; in occasione del 150\u00b0 anniversario dell&#8217;Unit\u00e0.<\/p>\n<p>Dando vita e sviluppo allo Stato nazionale unitario, l&#8217;Italia ha conquistato voce, peso, rispetto. Ma \u00e8 importante ricordare, tutti noi, che un paese si fa rispettare se \u00e8 rispettabile e se rispetta gli altri : se i suoi cittadini si comportano con senso del decoro, se non offendono chi \u00e8 diverso da loro, le minoranze religiose, gli stranieri immigrati, gli omosessuali, chi ha una pelle di altro colore.<\/p>\n<p>Non basta impegnarsi per affermarsi come individuo, questa \u00e8 una ricetta di vita che alla lunga non \u00e8 appagante. Siamo pi\u00f9 felici quando lavoriamo anche per gli altri, magari sacrificando un po&#8217; del nostro tempo, delle nostre ambizioni, delle nostre sicurezze. Tanti ragazzi italiani sono impegnati nel volontariato, e ancora di pi\u00f9 la scuola pu\u00f2 aprirsi al volontariato &#8211; lo ha sottolineato il Ministro Gelmini. A volte impegnarsi per gli altri significa anche assumere dei rischi, avere coraggio.<\/p>\n<p>Sfidare condizioni difficili \u00e8 quanto accade a chi si attiva per affermare la legalit\u00e0, per il rispetto dei valori costituzionali, impegnandosi &#8211; anche da giovane o da giovanissimo &#8211; contro la criminalit\u00e0 organizzata. Su questi valori e per questi scopi si deve manifestare concordia nazionale, si deve avere pi\u00f9 mobilitazione comune. E proprio di legalit\u00e0 parla qui oggi, con studenti della Calabria e del Veneto, il Procuratore Piero Grasso, che \u00e8 stato ed \u00e8 un autentico protagonista della lotta contro la mafia.<\/p>\n<p>Ma serve anche il piccolo coraggio di tutti i giorni, difendere i ragazzi pi\u00f9 deboli, quelli oggetto di scherno e di aggressioni, difendere le compagne di scuola da attenzioni che non gradiscono, da molestie inammissibili.<\/p>\n<p>Insomma, impegno nello studio e impegno civile fanno tutt&#8217;uno. Mostriamocene consapevoli. Certo, capisco, questo richiamo all&#8217;impegno, al dovere, ai valori ideali e morali, pu\u00f2 suonare fastidioso, predicatorio. Ma \u00e8 un richiamo &#8211; ve lo posso assicurare &#8211; che vale non solo per voi, ma per tutti, che rivolgo a tutti, e in particolare a ciascuno di noi che rappresenta le istituzioni della Repubblica. E&#8217; da noi che deve venire il buon esempio : avete il diritto di aspettarvi che l&#8217;esempio venga da noi, avete il diritto di chiedercelo.<\/p>\n","protected":false},"excerpt":{"rendered":"<p>Intervento del Presidente della Repubblica\u00a0Giorgio Napolitano\u00a0in occasione della cerimonia di apertura dell&#8217;anno scolastico 2009\/2010 Palazzo del Quirinale, 24 settembre 2009 Rivolgo innanzitutto un cordiale saluto alle autorit\u00e0 che sono oggi qui in rappresentanza del Governo e del Parlamento. Anche quest&#8217;anno saluto e ringrazio tutti coloro che hanno contribuito a realizzare questa cerimonia, con il proprio [&hellip;]<\/p>\n","protected":false},"author":5,"featured_media":0,"comment_status":"open","ping_status":"open","sticky":false,"template":"","format":"standard","meta":[],"categories":[13],"tags":[],"_links":{"self":[{"href":"https:\/\/iopartecipo.azionecattolica.it\/index.php?rest_route=\/wp\/v2\/posts\/791"}],"collection":[{"href":"https:\/\/iopartecipo.azionecattolica.it\/index.php?rest_route=\/wp\/v2\/posts"}],"about":[{"href":"https:\/\/iopartecipo.azionecattolica.it\/index.php?rest_route=\/wp\/v2\/types\/post"}],"author":[{"embeddable":true,"href":"https:\/\/iopartecipo.azionecattolica.it\/index.php?rest_route=\/wp\/v2\/users\/5"}],"replies":[{"embeddable":true,"href":"https:\/\/iopartecipo.azionecattolica.it\/index.php?rest_route=%2Fwp%2Fv2%2Fcomments&post=791"}],"version-history":[{"count":1,"href":"https:\/\/iopartecipo.azionecattolica.it\/index.php?rest_route=\/wp\/v2\/posts\/791\/revisions"}],"predecessor-version":[{"id":792,"href":"https:\/\/iopartecipo.azionecattolica.it\/index.php?rest_route=\/wp\/v2\/posts\/791\/revisions\/792"}],"wp:attachment":[{"href":"https:\/\/iopartecipo.azionecattolica.it\/index.php?rest_route=%2Fwp%2Fv2%2Fmedia&parent=791"}],"wp:term":[{"taxonomy":"category","embeddable":true,"href":"https:\/\/iopartecipo.azionecattolica.it\/index.php?rest_route=%2Fwp%2Fv2%2Fcategories&post=791"},{"taxonomy":"post_tag","embeddable":true,"href":"https:\/\/iopartecipo.azionecattolica.it\/index.php?rest_route=%2Fwp%2Fv2%2Ftags&post=791"}],"curies":[{"name":"wp","href":"https:\/\/api.w.org\/{rel}","templated":true}]}}