{"id":799,"date":"2009-10-07T22:39:20","date_gmt":"2009-10-07T21:39:20","guid":{"rendered":"http:\/\/www.azionecattolica.it\/net\/iopartecipo\/?p=799"},"modified":"2009-10-07T22:40:28","modified_gmt":"2009-10-07T21:40:28","slug":"audizione-del-ministro-gelmini","status":"publish","type":"post","link":"https:\/\/iopartecipo.azionecattolica.it\/?p=799","title":{"rendered":"Audizione del Ministro Gelmini"},"content":{"rendered":"<p>da TUTTOSCUOLA<span class=\"DISP_TITOLO\">Audizione della Gelmini in commissione Cultura alla Camera<\/span><br \/>\n<span class=\"DISP_SOMMARIO\">Sul tema dell&#8217;avvio dell&#8217;anno scolastico<\/span><\/p>\n<p><span class=\"DISP_TESTO\">E&#8217; in corso dalle ore 14,00 (7 ottobre 2009) l&#8217;audizione del ministro dell&#8217;Istruzione, Mariastella Gelmini, in commissione Cultura alla Camera sulle problematiche connesse all&#8217;avvio dell&#8217;anno scolastico.<\/span><\/p>\n<p>Circa la mobilit\u00e0 del personale il ministro ha precisato che &#8220;<em>sono state oltre 150 mila le richieste di mobilit\u00e0 dei docenti e del personale Ata<\/em>&#8220;.<\/p>\n<p>Quanto alla questione delle sezioni primavera, il titolare di viale Trastevere ha spiegato di aver avuto &#8220;<em>rassicurazioni dal ministro Fitto e dal presidente della Conferenza delle Regioni Errani sul fatto che, lasciando sullo sfondo le questioni politiche complesse, si possa e si debba procedere all&#8217;emanazione dei pareri<\/em>&#8220;. Il ministro al riguardo ha auspicato &#8220;<em>che prevalga il senso di responsabilit\u00e0<\/em>&#8220;, e che arrivi presto dalla Conferenza Stato-Regioni il &#8220;<em>parere sulla riforma della scuola superiore e quello sulle sezioni primavera<\/em>&#8220;.<\/p>\n<p>La Gelmini ha poi spiegato che &#8220;<em>in Abruzzo \u00e8 stata completata la riapertura di tutte le scuole. E&#8217; stata un&#8217;operazione complessa e ringrazio, per questo, la Protezione civile, il provveditorato, gli enti locali e il direttore dell&#8217;ufficio scolastico regionale&#8221;. Il ministro ha poi sottolineato che nella regione colpita dal sisma del 6 aprile scorso &#8220;sono stati stanziati 226 milioni per l&#8217;edilizia scolastica<\/em>&#8220;.<\/p>\n<p>Il ministro ha poi concluso che il problema dell&#8217;edilizia scolastica \u00e8 una &#8220;<em>emergenza nazionale<\/em>&#8220;. &#8220;<em>Abbiamo stanziato<\/em> &#8211; ha spiegato il ministro &#8211;\u00a0<em>un miliardo di euro, ma \u00e8 una somma difficile da spendere perch\u00e9 le procedure sono complicate e non sempre c&#8217;\u00e8 un forte accordo con gli Enti locali<\/em>&#8220;.<\/p>\n","protected":false},"excerpt":{"rendered":"<p>da TUTTOSCUOLAAudizione della Gelmini in commissione Cultura alla Camera Sul tema dell&#8217;avvio dell&#8217;anno scolastico E&#8217; in corso dalle ore 14,00 (7 ottobre 2009) l&#8217;audizione del ministro dell&#8217;Istruzione, Mariastella Gelmini, in commissione Cultura alla Camera sulle problematiche connesse all&#8217;avvio dell&#8217;anno scolastico. Circa la mobilit\u00e0 del personale il ministro ha precisato che &#8220;sono state oltre 150 mila [&hellip;]<\/p>\n","protected":false},"author":5,"featured_media":0,"comment_status":"open","ping_status":"open","sticky":false,"template":"","format":"standard","meta":[],"categories":[12],"tags":[],"_links":{"self":[{"href":"https:\/\/iopartecipo.azionecattolica.it\/index.php?rest_route=\/wp\/v2\/posts\/799"}],"collection":[{"href":"https:\/\/iopartecipo.azionecattolica.it\/index.php?rest_route=\/wp\/v2\/posts"}],"about":[{"href":"https:\/\/iopartecipo.azionecattolica.it\/index.php?rest_route=\/wp\/v2\/types\/post"}],"author":[{"embeddable":true,"href":"https:\/\/iopartecipo.azionecattolica.it\/index.php?rest_route=\/wp\/v2\/users\/5"}],"replies":[{"embeddable":true,"href":"https:\/\/iopartecipo.azionecattolica.it\/index.php?rest_route=%2Fwp%2Fv2%2Fcomments&post=799"}],"version-history":[{"count":2,"href":"https:\/\/iopartecipo.azionecattolica.it\/index.php?rest_route=\/wp\/v2\/posts\/799\/revisions"}],"predecessor-version":[{"id":801,"href":"https:\/\/iopartecipo.azionecattolica.it\/index.php?rest_route=\/wp\/v2\/posts\/799\/revisions\/801"}],"wp:attachment":[{"href":"https:\/\/iopartecipo.azionecattolica.it\/index.php?rest_route=%2Fwp%2Fv2%2Fmedia&parent=799"}],"wp:term":[{"taxonomy":"category","embeddable":true,"href":"https:\/\/iopartecipo.azionecattolica.it\/index.php?rest_route=%2Fwp%2Fv2%2Fcategories&post=799"},{"taxonomy":"post_tag","embeddable":true,"href":"https:\/\/iopartecipo.azionecattolica.it\/index.php?rest_route=%2Fwp%2Fv2%2Ftags&post=799"}],"curies":[{"name":"wp","href":"https:\/\/api.w.org\/{rel}","templated":true}]}}