{"id":806,"date":"2009-10-20T17:24:58","date_gmt":"2009-10-20T16:24:58","guid":{"rendered":"http:\/\/www.azionecattolica.it\/net\/iopartecipo\/?p=806"},"modified":"2009-10-20T17:26:20","modified_gmt":"2009-10-20T16:26:20","slug":"il-tuttogelmini-2","status":"publish","type":"post","link":"https:\/\/iopartecipo.azionecattolica.it\/?p=806","title":{"rendered":"Il TuttoGelmini"},"content":{"rendered":"<p style=\"text-align: left;\">date le numerose mail di chiarimento che stanno pervenendo a msac@azionecattolica.it (scriveteci!!!) che tirano in ballo fantomatiche &#8220;4 settimane estive&#8221;, cambiamenti all&#8217;esame di maturit\u00e0 e paure dei professori, ripubblichiamo questo articolo che sintetizza le novit\u00e0 Gelmini attive da quest&#8217;anno (e ci\u00f2 che non riscontrate in quest&#8217;articolo probabilmente \u00e8 voce di corridoio). salutocchi!!!<\/p>\n<p style=\"TEXT-ALIGN: center\">\n<p style=\"TEXT-ALIGN: center\"><img loading=\"lazy\" class=\"aligncenter\" src=\"http:\/\/www.lastampa.it\/redazione\/cmssezioni\/politica\/200810images\/gelmini01G.jpg\" alt=\"\" width=\"300\" height=\"230\" \/><\/p>\n<p style=\"TEXT-ALIGN: center\">\n<p style=\"TEXT-ALIGN: justify\">\n<p style=\"TEXT-ALIGN: justify\"><span style=\"font-size: x-small;\">Ai valorosi che non si sono ancora persi d&#8217;animo in questo continuo rincorrersi di regolamenti, dichiarazioni, circolari e dpr che si modificano a vicenda nel mondo della scuola italiana vogliamo offrire un piccolo abbecedario delle cosiddette &#8220;riforme Gelmini&#8221; operative da questo anno scolastico 2009\/2010. Partiamo dalle origini.<\/span><\/p>\n<p style=\"TEXT-ALIGN: justify\"><span style=\"font-size: x-small;\">Era l&#8217;estate 2008 quando l&#8217;art.64 di quella che \u00e8 diventata legge 133 (finanziaria) prevedeva un &#8220;piano programmatico&#8221; per la razionalizzazione de: a)l&#8217;organico del personale docente e ATA b)i piani di studio e relativi quadri orari c)rete scolastica. Una vera rivoluzione nella scuola di ogni ordine e grado, che per\u00f2 restava una &#8220;riforma&#8221; prevista in un provvedimento di natura economica pi\u00f9 che in una legge pensata specificatamente per l&#8217;istruzione. In aggiunta a ci\u00f2, quindi, il ministro Gelmini a settembre 2008 ha fatto varare un proprio decreto, poi divenuto legge 169, tutto di iniziativa ministeriale. Prevedeva: 1)l&#8217;insegnamento di &#8220;cittadinanza e costituzione&#8221; 2)l&#8217;introduzione del voto di condotta 3)la valutazione in decimali anche alla scuola primaria 4)il maestro unico 5)il vincolo per le case editoriali di produrre nuove edizioni dei testi scolastici almeno dopo cinque anni.<\/span><\/p>\n<p style=\"TEXT-ALIGN: justify\"><span style=\"font-size: x-small;\">Da queste due leggi madri (l&#8217;art. 64 della 133 e la 169) \u00e8 discesa un&#8217;intera famiglia di dpr, regolamenti e decreti-legge, una babele che speriamo nelle prossime righe di districare per capire che fine hanno fatto tutti quei propositi di riforma annunciati.<\/span><\/p>\n<p style=\"TEXT-ALIGN: justify\"><span style=\"font-size: x-small;\">Innanzitutto ecco cosa cambia alla scuola primaria: libera scelta del monte ore settimanale tra tre diverse opzioni: 27, 30 o 40 ore. Il tempo pieno dunque &#8220;resta&#8221;, secondo le scelte delle famiglie e la disponibilit\u00e0 delle scuole. Il maestro unico \u00e8 operativo, ma per compensare i &#8220;surplus&#8221; orari delle varie opzioni gli verranno comunque affiancati altri insegnanti: almeno quello di inglese, se il maestro prevalente non basta, e quello di religione. Eliminate le compresenze, le classi successive alla prima continuano a funzionare secondo i vecchi modelli orari.<\/span><\/p>\n<p style=\"TEXT-ALIGN: justify\"><span style=\"font-size: x-small;\">Qualche novit\u00e0 anche nella riorganizzazione dei quadri orari delle medie e soprattutto delle scuole superiori, per le quali i vari indirizzi di studio sono stati raggruppati in <span style=\"text-decoration: underline;\">6 licei<\/span> (artistico, classico, scientifico, musicale e coreutico, delle scienze umane, linguistico), <span style=\"text-decoration: underline;\">2 istituti tecnici<\/span> (settore economico con 2 indirizzi, amministrativo e turismo, e settore tecnologico, con 9 curricula) e <span style=\"text-decoration: underline;\">2 aree professionali<\/span> (settore dei servizi con 5 indirizzi al proprio interno e settore dell&#8217;industria e dell&#8217;artigianato). Scompaiono cos\u00ec i licei delle scienze sociali e socio-psico-pedagogico, che confluiscono nel liceo delle &#8220;scienze umane&#8221;, e il liceo tecnologico, che diventa sperimentazione dello scientifico.<\/span><\/p>\n<p style=\"TEXT-ALIGN: justify\"><span style=\"font-size: x-small;\">Novit\u00e0 poi nell&#8217;ambito della valutazione. Come ormai noto a tutti, sono in vigore i decimali per tutti i cicli. Il meccanismo di promozione, dopo la grande confusione a conclusione dello scorso anno, \u00e8 stato invece chiarito: necessario il 6 in ciascuna materia (niente promozione col 6 di &#8220;media&#8221;, dunque), ma in caso di qualche insufficienza, i docenti saranno chiamati a votare <em>a maggioranza<\/em> per l&#8217;ammissione agli esami e all&#8217;anno successivo.<\/span><\/p>\n<p style=\"TEXT-ALIGN: justify\"><span style=\"font-size: x-small;\">Le tabelle della legge 133 imponevano poi la riorganizzazione della rete scolastica, dei criteri di aggregazione delle classi e la razionalizzazione dell&#8217;organico, prevedendo 45.000 tagli nel settore ATA (bidelli, segreterie, ecc) e 130.000 docenti in meno. Oltre a classi pi\u00f9 numerose, la novit\u00e0, \u00e8 il caso di dirlo, pi\u00f9 <em>clamorosa<\/em> \u00e8 il fatto che le cattedre da quest&#8217;anno sono obbligatoriamente di 18 ore nello stesso istituto. Non esistono dunque cattedre a met\u00e0, tipicamente &#8220;precariali&#8221;. I soprannumerari verranno trasferiti &#8220;d&#8217;ufficio&#8221;. Il che spiega l&#8217;agitazione che \u00e8 in corso in questi giorni nel mondo dei precari della scuola. Riguardo infine al meccanismo di &#8220;arruolamento&#8221; dei docenti, nulla di definito per il momento, se non un piano ministeriale che \u00e8 pi\u00f9 di una semplice dichiarazione d&#8217;intenti. Messo da parte il progetto Aprea, il nuovo meccanismo dovrebbe prevedere per l&#8217;insegnamento nel secondo ciclo (superiori e medie) un anno di Tirocinio Formativo Attivo (a numero chiuso) di 475 ore prima dell&#8217;immissione in ruolo dei nuovi docenti, per una didattica che non sia solo teoria, oltre all&#8217;attivazione di nuovi corsi di laurea magistrali abilitanti (a numero chiuso). Il numero di docenti sar\u00e0 determinato dal fabbisogno, il che equivale nelle previsioni alla &#8220;fine del precariato&#8221;. Per insegnare alla scuola primaria invece rimane abilitante la laurea in scienze della formazione (a numero chiuso, naturalmente!) seguita da tirocinio.<\/span><\/p>\n","protected":false},"excerpt":{"rendered":"<p>date le numerose mail di chiarimento che stanno pervenendo a msac@azionecattolica.it (scriveteci!!!) che tirano in ballo fantomatiche &#8220;4 settimane estive&#8221;, cambiamenti all&#8217;esame di maturit\u00e0 e paure dei professori, ripubblichiamo questo articolo che sintetizza le novit\u00e0 Gelmini attive da quest&#8217;anno (e ci\u00f2 che non riscontrate in quest&#8217;articolo probabilmente \u00e8 voce di corridoio). salutocchi!!! Ai valorosi che [&hellip;]<\/p>\n","protected":false},"author":3,"featured_media":0,"comment_status":"open","ping_status":"open","sticky":false,"template":"","format":"standard","meta":[],"categories":[13],"tags":[],"_links":{"self":[{"href":"https:\/\/iopartecipo.azionecattolica.it\/index.php?rest_route=\/wp\/v2\/posts\/806"}],"collection":[{"href":"https:\/\/iopartecipo.azionecattolica.it\/index.php?rest_route=\/wp\/v2\/posts"}],"about":[{"href":"https:\/\/iopartecipo.azionecattolica.it\/index.php?rest_route=\/wp\/v2\/types\/post"}],"author":[{"embeddable":true,"href":"https:\/\/iopartecipo.azionecattolica.it\/index.php?rest_route=\/wp\/v2\/users\/3"}],"replies":[{"embeddable":true,"href":"https:\/\/iopartecipo.azionecattolica.it\/index.php?rest_route=%2Fwp%2Fv2%2Fcomments&post=806"}],"version-history":[{"count":5,"href":"https:\/\/iopartecipo.azionecattolica.it\/index.php?rest_route=\/wp\/v2\/posts\/806\/revisions"}],"predecessor-version":[{"id":811,"href":"https:\/\/iopartecipo.azionecattolica.it\/index.php?rest_route=\/wp\/v2\/posts\/806\/revisions\/811"}],"wp:attachment":[{"href":"https:\/\/iopartecipo.azionecattolica.it\/index.php?rest_route=%2Fwp%2Fv2%2Fmedia&parent=806"}],"wp:term":[{"taxonomy":"category","embeddable":true,"href":"https:\/\/iopartecipo.azionecattolica.it\/index.php?rest_route=%2Fwp%2Fv2%2Fcategories&post=806"},{"taxonomy":"post_tag","embeddable":true,"href":"https:\/\/iopartecipo.azionecattolica.it\/index.php?rest_route=%2Fwp%2Fv2%2Ftags&post=806"}],"curies":[{"name":"wp","href":"https:\/\/api.w.org\/{rel}","templated":true}]}}