{"id":821,"date":"2009-10-21T17:10:00","date_gmt":"2009-10-21T16:10:00","guid":{"rendered":"http:\/\/www.azionecattolica.it\/net\/iopartecipo\/?p=821"},"modified":"2009-10-22T09:33:59","modified_gmt":"2009-10-22T08:33:59","slug":"dibattito-sullora-di-religione-islamica","status":"publish","type":"post","link":"https:\/\/iopartecipo.azionecattolica.it\/?p=821","title":{"rendered":"Dibattito sull&#8217;ora di religione islamica"},"content":{"rendered":"<p class=\"MsoNormal\" style=\"text-align: justify;\"><img loading=\"lazy\" class=\"alignleft\" src=\"http:\/\/assago.blogolandia.it\/files\/2008\/04\/catechismo.jpg\" alt=\"\" width=\"243\" height=\"237\" \/><span>carissimi, <\/span><\/p>\n<p class=\"MsoNormal\" style=\"text-align: justify;\"><span>come avrete letto\u00a0in questi giorni\u00a0sui giornali o avrete sentito in tv, ha fatto discutere (e non poco&#8230;) la proposta\/decisione di introdurre l&#8217;insegnamento dell&#8217;ora di religione islamica per i ragazzi musulmani nelle scuole italiane&#8230;<\/span><\/p>\n<p class=\"MsoNormal\" style=\"text-align: justify;\"><span>In contemporanea, nel comune di Roma l&#8217;Assessore all&#8217;Istrzuzione, Laura Marsilio (PdL), ha deciso di introdurre un&#8217;ora aggiuntiva, nelle scuole romane, sulle altre religioni. Su quest&#8217;ultima iniziativa il Msac ha rilasciato una dichiarazione all&#8217;Ansa e riportata ieri, 20 ottobre, su &#8220;La Stampa&#8221;, che trovate al post precedente<br \/>\n<\/span><\/p>\n<p class=\"MsoNormal\" style=\"text-align: justify;\"><span>Vi riportiamo qui di seguito un&#8217;interessante analisi di <strong>Alberto Melloni<\/strong>,\u00a0professore ordinario\u00a0di Storia Contemporanea presso l\u2019Universit\u00e0 di Modena-Reggio Emilia, e segretario della Fondazione per le scienze religiose &#8220;Giovanni XXIII&#8221; di Bologna (quella fondata da Alberigo e Dossetti) pubblicata sul Corriere della Sera di ieri, in modo da incentivare il dibattito su tale argomento! Attendiamo trepidanti i vostri pareri a riguardo!<\/span><\/p>\n<p class=\"MsoNormal\" style=\"text-align: justify;\">\n<h2 class=\"MsoNormal\" style=\"text-align: center;\"><strong>Le lezioni di religione? con il modello attuale non si impara nulla<\/strong><\/h2>\n<p><!--EndFragment--><\/p>\n<p style=\"text-align: justify;\"><em>Nella discussione di questi giorni sulla proposta di fornire a scuola agli scolari musulmani una ora di \u00abreligione islamica\u00bb, parallela a quella di \u00abreligione cattolica\u00bb abbiamo visto all&#8217; opera una serie di caricature: dell&#8217; una dell&#8217; altra, dei beneficiari attuali e possibili. Il perch\u00e9 \u00e8 presto detto: perch\u00e9 gli strumenti con cui si legge la storia religiosa dell&#8217; Europa e del Mediterraneo sono quanto mai rozzi e spuntati dall&#8217; ideologismo. Il mutato paesaggio religioso dell&#8217; Europa di oggi \u00e8 solo l&#8217; ultimo di una serie di mutamenti che hanno modificato in profondit\u00e0 la condizione delle comunit\u00e0 religiose &#8211; ebrei, ortodossi greci e slavi, cattolici, anglicani, evangelici, riformati, musulmani. La concorrenza dell&#8217; agnosticismo e dell&#8217; ateismo, la Shoah, l&#8217; incorporazione di chiese per secoli in lotta nello spazio comune dell&#8217; Unione, non sono stati fenomeni di scarsa portata. L&#8217; immigrazione che ha trasformato le religioni praticate dai sudditi delle colonie in fedi di concittadini arriva solo ultima e non \u00e8 la pi\u00f9 drammatica. In questo paesaggio mobile la trasmissione delle conoscenze sul fatto religioso e la trasmissione della fede \u00e8 passata per tante vie: il sapere universitario, la ricerca, l&#8217; editoria, la catechesi, la scuola. In Italia l&#8217; ora di religione s&#8217; \u00e8 collocata a mezza via: passata da strumento di discriminazione a insegnamento opzionale, quell&#8217; ora non ha portato bene alla fede cristiana e alla cultura religiosa. In anni di insegnamento i ragazzi italiani non imparano nulla da insegnanti di toccante bont\u00e0 e scarsa cultura teologica. Dopo tanto sforzo l&#8217; ignoranza della Bibbia, della storia cristiana, delle dottrine, della spiritualit\u00e0 \u00e8 in Italia cos\u00ec abissale da debordare nei quiz, dove le domande in questa materia si rivelano impervie per tutti. Non so se l&#8217; episcopato ripenser\u00e0 mai questo insegnamento che ha fabbricato, a conti fatti, pi\u00f9 agnostici dell&#8217; ora di ateismo della scuola brezneviana: esso ha un valore di prova delle tutele concordatarie, come dimostra l&#8217; allarme che si sparge ad ogni stormir di Tar. Ma l&#8217; idea che per amor di parit\u00e0 costituzionale si debba allora insegnare l&#8217; islam agli islamici (e dunque l&#8217; induismo agli ind\u00f9, il sikhismo ai sikh, il confucianesimo ai cinesi, e via di seguito, fede per fede, confessione per confessione) sarebbe davvero un errore. Sarebbe semmai utile fare proprio il contrario. Nessuno come i ragazzini islamici avrebbe bisogno di imparare cos&#8217; \u00e8 il cristianesimo, per smontare le caricature crociate che il discorso fondamentalista ha propagandato a piene mani. Cos\u00ec come ai bambini, ai ragazzi e anche a qualche adulto italiano sarebbe utile sapere qualcosa di pi\u00f9 su cos&#8217; \u00e8 l&#8217; ebraismo o l&#8217; islam, al di l\u00e0 delle caricature sciocche o blasfeme di qualche eroe della porchetta. Ma di fatto gli unici che hanno la possibilit\u00e0 di praticare questa vaccinazione anticaricaturale sono proprio le famiglie musulmane, ind\u00f9, sikh che possono decidere di avvalersi degli insegnanti di \u00abreligione cattolica\u00bb, sperando che insegnanti buoni diano un buon esempio di alfabetizzazione dell&#8217; alterit\u00e0. Nella Chiesa non manca chi vede quanto sia pericoloso evocare la logica della tradizione e della maggioranza in queste materie. Ma da noi prevalgono le istanze simboliche: quelle agitate dal cattolicesimo europeo d&#8217; inizio secolo contro le laicit\u00e0 aggressive &#8211; lo spazio pubblico della fede, il diritto della famiglia e della scuola privata &#8211; si rivelano oggi pi\u00f9 spendibili sul mercato politico, ma pi\u00f9 pericolose sul piano giuridico. Giacch\u00e9 difendere privilegi vuol dire doverli prima o poi concedere a tutti: e questo rischia di fare della societ\u00e0 globale una federazione di atolli identitari in un oceano tempestoso di costumi violenti che bagnano inesorabilmente tutte le spiagge dell&#8217; arcipelago. Se di questo dibattito &#8211; com&#8217; \u00e8 facile capire &#8211; rester\u00e0 niente sul tavolo della politica, il problema torner\u00e0 in grembo alle fedi: solo loro possono radicare nella loro esperienza il rispetto dell&#8217; altro, solo loro possono insegnare a desiderare di guardare alle vastit\u00e0 dei popoli e alla immensit\u00e0 delle generazioni credenti d&#8217; altra magione con gli occhi con cui li guarda Dio. E non \u00e8 un insegnamento che dura un&#8217; ora.<\/em><\/p>\n<p style=\"text-align: right;\"><strong>Alberto Melloni <\/strong>su &#8220;Corriere della Sera&#8221;, 20 ottobre 2009, pagg. 10-11<\/p>\n","protected":false},"excerpt":{"rendered":"<p>carissimi, come avrete letto\u00a0in questi giorni\u00a0sui giornali o avrete sentito in tv, ha fatto discutere (e non poco&#8230;) la proposta\/decisione di introdurre l&#8217;insegnamento dell&#8217;ora di religione islamica per i ragazzi musulmani nelle scuole italiane&#8230; In contemporanea, nel comune di Roma l&#8217;Assessore all&#8217;Istrzuzione, Laura Marsilio (PdL), ha deciso di introdurre un&#8217;ora aggiuntiva, nelle scuole romane, sulle [&hellip;]<\/p>\n","protected":false},"author":5,"featured_media":0,"comment_status":"open","ping_status":"open","sticky":false,"template":"","format":"standard","meta":[],"categories":[5],"tags":[],"_links":{"self":[{"href":"https:\/\/iopartecipo.azionecattolica.it\/index.php?rest_route=\/wp\/v2\/posts\/821"}],"collection":[{"href":"https:\/\/iopartecipo.azionecattolica.it\/index.php?rest_route=\/wp\/v2\/posts"}],"about":[{"href":"https:\/\/iopartecipo.azionecattolica.it\/index.php?rest_route=\/wp\/v2\/types\/post"}],"author":[{"embeddable":true,"href":"https:\/\/iopartecipo.azionecattolica.it\/index.php?rest_route=\/wp\/v2\/users\/5"}],"replies":[{"embeddable":true,"href":"https:\/\/iopartecipo.azionecattolica.it\/index.php?rest_route=%2Fwp%2Fv2%2Fcomments&post=821"}],"version-history":[{"count":12,"href":"https:\/\/iopartecipo.azionecattolica.it\/index.php?rest_route=\/wp\/v2\/posts\/821\/revisions"}],"predecessor-version":[{"id":826,"href":"https:\/\/iopartecipo.azionecattolica.it\/index.php?rest_route=\/wp\/v2\/posts\/821\/revisions\/826"}],"wp:attachment":[{"href":"https:\/\/iopartecipo.azionecattolica.it\/index.php?rest_route=%2Fwp%2Fv2%2Fmedia&parent=821"}],"wp:term":[{"taxonomy":"category","embeddable":true,"href":"https:\/\/iopartecipo.azionecattolica.it\/index.php?rest_route=%2Fwp%2Fv2%2Fcategories&post=821"},{"taxonomy":"post_tag","embeddable":true,"href":"https:\/\/iopartecipo.azionecattolica.it\/index.php?rest_route=%2Fwp%2Fv2%2Ftags&post=821"}],"curies":[{"name":"wp","href":"https:\/\/api.w.org\/{rel}","templated":true}]}}