{"id":841,"date":"2009-10-22T17:56:29","date_gmt":"2009-10-22T16:56:29","guid":{"rendered":"http:\/\/www.azionecattolica.it\/net\/iopartecipo\/?p=841"},"modified":"2009-10-25T22:49:32","modified_gmt":"2009-10-25T21:49:32","slug":"se-lora-di-religione-diventa-una-vetrina","status":"publish","type":"post","link":"https:\/\/iopartecipo.azionecattolica.it\/?p=841","title":{"rendered":"Se l&#8217;ora di religione diventa una vetrina"},"content":{"rendered":"<p style=\"text-align: justify;\"><img loading=\"lazy\" class=\"alignright\" src=\"http:\/\/www.forumscuole.it\/img\/fumetti\/altan1423608kr5.jpg\/image\" alt=\"\" width=\"263\" height=\"304\" \/>L&#8217;insegnamento della religione cattolica nelle scuole italiane gi\u00e0 quest&#8217;estate era tornato nell&#8217;occhio del ciclone, con la famosa sentenza del TAR del Lazio con la quale sembrava impedirsi l&#8217;attribuzione del credito formativo da parte di questa materia per il conseguimento del titolo scolastico. Non solo, la sentenza sembrava anche voler impedire ai docenti di religione di prendere parte agli scrutini e ci\u00f2 in opposizione a quanto stabilito dal Testo Unico in materia di istruzione che, nel 1994, attribuiva pari dignit\u00e0 agli insegnamenti di religione cattolica ed educazione fisica. Senza dimenticare il fatto che lo studente ha diritto di essere valutato in merito alla materia che ha liberamente scelto, sia essa l&#8217;ora di religione o l&#8217;attivit\u00e0 alternativa. A far chiarezza comunque \u00e8 intervenuto il regolamento sulla valutazione, pubblicato sulla Gazzetta Ufficiale il 19 agosto, che ha sottolineato che &#8220;la valutazione dell&#8217;insegnamento della religione cattolica resta disciplinata dall&#8217;articolo 309 del decreto legislativo 16 aprile 1994, n. 297&#8221; e anzi apre la possibilit\u00e0 di &#8220;eventuali modifiche&#8221; per l&#8217;attribuzione del voto numerico.<\/p>\n<p style=\"text-align: justify;\">Qualche giorno fa invece la notizia della proposta Urso suscita un nuovo dibattito intorno all&#8217;insegnamento della religione cattolica. L&#8217;idea del viceministro alle attivit\u00e0 produttive (!!!) di introdurre un&#8217;ora di &#8220;religione islamica&#8221; alternativa a quella &#8220;cattolica&#8221; ha condensato intorno a s\u00e9 consensi e opposizioni. Al di l\u00e0 della questione di merito, in cui ci pare discutibile la motivazione secondo cui in questo modo si emanciperebbero i ragazzini musulmani dai &#8220;ghetti delle madrasse e delle scuole islamiche integraliste&#8221;, vorremmo ricordare alcuni punti.<\/p>\n<p style=\"text-align: justify;\">1. La questione pu\u00f2 suscitare un dibattito polarizzato intorno a &#8220;s\u00ec&#8221; e &#8220;no&#8221; solo in quanto si \u00e8 totalmente travisato ormai il senso stesso dell&#8217;insegnamento della religione cattolica all&#8217;interno del sistema integrato di istruzione. Non si tratta infatti di un&#8217;ora di catechismo. Se cos\u00ec fosse, sarebbe abbastanza presuntuosa la proposta di Urso di sostituirsi a quelli che lui chiama &#8220;ghetti integralisti islamici&#8221;. Si tratta invece di una disciplina culturale nel quadro delle finalit\u00e0 della scuola, con la stessa esigenza di rigore e sistematicit\u00e0 delle altre discipline, volta ad approfondire quel fenomeno cattolico che che ha informato di s\u00e9 per secoli la cultura dell&#8217;occidente e che costituisce il background della storia italiana passata ed attuale, perci\u00f2, come ha ricordato Benedetto XVI agli insegnanti IRC,&#8221;non richiede l&#8217;adesione di fede, ma assicura una riflessione argomentata sulle grandi domande di senso e sulla religione cattolica che offre i codici indispensabili per decodificare i segni della storia, dell&#8217;identit\u00e0, dell&#8217;arte e della musica dell&#8217;Occidente e non solo&#8221;. Confondere questo insegnamento con il catechismo \u00e8 invece prassi comune, confusione a cui sono soggetti non solo i polemisti, ma anche studenti, famiglie, e spesso, diciamocelo, anche gli stessi docenti a cui va attribuita parte della responsabilit\u00e0 del travisamento del programma IRC con quello che non \u00e8.<\/p>\n<p style=\"text-align: justify;\">2. Proprio ieri l&#8217;altro \u00e8 arrivata invece una proposta dall&#8217;assessore all&#8217;istruzione di Roma, Laura Marsilio, per l&#8217;affiancamento dell&#8217;ora di religione con un&#8217;altra SUPPLEMENTARE di storia delle religioni. Sembrerebbe una buona idea e un&#8217;ottima opportunit\u00e0 per gli studenti che ne facessero richiesta, anche se c&#8217;\u00e8 giustamente da chiedersi a chi verrebbe affidato tale insegnamento. Se infatti tale attivit\u00e0 dovesse tramutarsi in &#8220;vetrina&#8221; delle varie comunit\u00e0 religiose presenti sul territorio, si renderebbe un cattivo servizio alla scuola e agli studenti con una becera traduzione del sacrosanto diritto al pluralismo. Pluralismo non equivale infatti a bombardare gli studenti, sottoponendoli ad una battaglia ideologica che si combatte nel loro nome, ma che spesso li dimentica. Informazione e formazione sono cose diverse e occorre un personale docente qualificato, individuato dalla scuola anche all&#8217;interno delle comunit\u00e0 religiose se serve, ma che non trasformi quest&#8217;occasione in una sfilata di confessioni. Educare al dialogo interreligioso, conoscendo giustamente le varie tradizioni culturali e religiose con cui questa nostra Italia sta venendo a contatto, \u00e8 un&#8217;altra cosa.<\/p>\n<p style=\"text-align: justify;\">Tra l&#8217;altro pochi sanno che l&#8217;insegnamento IRC prevede gi\u00e0 ampio spazio per la storia delle religioni e l&#8217;approfondimento del tema del dialogo interreligioso e interculturale. Ma del resto \u00e8 difficile fidarsi di un docente designato dalla diocesi e non dalla scuola. Peccato che, effetti collaterali a parte, \u00e8 certamente nel collegio docenti il pi\u00f9 competente, da quando centocinquant&#8217;anni fa sono state abolite le facolt\u00e0 teologiche dall&#8217;universit\u00e0 di Stato. Ma questa \u00e8 un&#8217;altra storia.<\/p>\n<p style=\"text-align: justify;\">Quella vera, adesso, ce la stiamo giocando sulla pelle degli studenti. E sarebbe la buona volta che qualcuno si ricordasse che, ora islamica s\u00ec o no, sarebbe la loro formazione da mettere al centro, al di l\u00e0 delle esigenze di rappresentativit\u00e0 di ciascuno.<\/p>\n<p style=\"text-align: right;\">Saretta Marotta<\/p>\n","protected":false},"excerpt":{"rendered":"<p>L&#8217;insegnamento della religione cattolica nelle scuole italiane gi\u00e0 quest&#8217;estate era tornato nell&#8217;occhio del ciclone, con la famosa sentenza del TAR del Lazio con la quale sembrava impedirsi l&#8217;attribuzione del credito formativo da parte di questa materia per il conseguimento del titolo scolastico. Non solo, la sentenza sembrava anche voler impedire ai docenti di religione di [&hellip;]<\/p>\n","protected":false},"author":3,"featured_media":0,"comment_status":"open","ping_status":"open","sticky":false,"template":"","format":"standard","meta":[],"categories":[7],"tags":[21,18,19,20,16,206,23,22,15,17],"_links":{"self":[{"href":"https:\/\/iopartecipo.azionecattolica.it\/index.php?rest_route=\/wp\/v2\/posts\/841"}],"collection":[{"href":"https:\/\/iopartecipo.azionecattolica.it\/index.php?rest_route=\/wp\/v2\/posts"}],"about":[{"href":"https:\/\/iopartecipo.azionecattolica.it\/index.php?rest_route=\/wp\/v2\/types\/post"}],"author":[{"embeddable":true,"href":"https:\/\/iopartecipo.azionecattolica.it\/index.php?rest_route=\/wp\/v2\/users\/3"}],"replies":[{"embeddable":true,"href":"https:\/\/iopartecipo.azionecattolica.it\/index.php?rest_route=%2Fwp%2Fv2%2Fcomments&post=841"}],"version-history":[{"count":3,"href":"https:\/\/iopartecipo.azionecattolica.it\/index.php?rest_route=\/wp\/v2\/posts\/841\/revisions"}],"predecessor-version":[{"id":854,"href":"https:\/\/iopartecipo.azionecattolica.it\/index.php?rest_route=\/wp\/v2\/posts\/841\/revisions\/854"}],"wp:attachment":[{"href":"https:\/\/iopartecipo.azionecattolica.it\/index.php?rest_route=%2Fwp%2Fv2%2Fmedia&parent=841"}],"wp:term":[{"taxonomy":"category","embeddable":true,"href":"https:\/\/iopartecipo.azionecattolica.it\/index.php?rest_route=%2Fwp%2Fv2%2Fcategories&post=841"},{"taxonomy":"post_tag","embeddable":true,"href":"https:\/\/iopartecipo.azionecattolica.it\/index.php?rest_route=%2Fwp%2Fv2%2Ftags&post=841"}],"curies":[{"name":"wp","href":"https:\/\/api.w.org\/{rel}","templated":true}]}}