{"id":860,"date":"2009-11-01T13:34:30","date_gmt":"2009-11-01T12:34:30","guid":{"rendered":"http:\/\/www.azionecattolica.it\/net\/iopartecipo\/?p=860"},"modified":"2009-11-03T19:27:52","modified_gmt":"2009-11-03T18:27:52","slug":"se-la-scuola-viene-presidiata","status":"publish","type":"post","link":"https:\/\/iopartecipo.azionecattolica.it\/?p=860","title":{"rendered":"Se la scuola viene presidiata&#8230;"},"content":{"rendered":"<p style=\"text-align: justify;\">In alcune citt\u00e0 (soprattutto le pi\u00f9 grandi) avviene gi\u00e0 da un po&#8217; di tempo ma ogni volta che viene proposta questa iniziativa le proteste (degli studenti, principalmente) non mancano; stiamo parlando della proposta di alcune amministrazioni provinciali di far presidiare gli ingressi delle scuole superiori da pattuglie di poliziotti. L&#8217;ultima provincia che ha deciso di intraprendere questa iniziativa \u00e8 stata la Provincia di Venezia che ha deciso di sposare la proposta della &#8220;neo&#8221; Presidente, Francesca Zacariotto (Lega Nord).<\/p>\n<p style=\"text-align: justify;\">Da luned\u00ec, davanti a 5 cittadelle scolastiche inizier\u00e0 la sperimentazione di presidio degli ingressi delle scuole da parte di dieci pattuglie della Polizia Provinciale.<\/p>\n<p style=\"text-align: justify;\">\u00abLe macchine transiteranno a passo d\u2019uomo davanti agli istituti per far capi re ai ragazzi che l\u2019istituzione c\u2019\u00e8 ed \u00e8 presente\u00bb, ha spiegato l\u2019as\u00adsessore alla Polizia della Provincia di Venezia. Spaccio, bullismo e comportamento stradale irresponsabile dei ragazzi (in particolare con i motorini), nei primi giorni di sperimentazione il personale della polizia provinciale dovr\u00e0 infatti osservare tutto questo per completare poi una mappatura delle zone controllate identificando le aree di maggiore rischio e i punti di maggiore afflusso de gli studenti.<\/p>\n<p style=\"text-align: justify;\">Quindi lo scopo dell&#8217;iniziativa vorrebbe essere quello di contrastare i fenomeni di spaccio, bullismo e guida irresponsabile sulle strade ma, sinceramente, non sappiamo se realmente questa iniziativa (e tutte le altre portate avanti dalle diverse amministrazioni provinciali su tutto il territorio nazionale) porteranno il loro frutto: staremo a vedere ovviamente sperando in un esito positivo di tutte queste inziative!<\/p>\n<p style=\"text-align: justify;\">Nel frattempo vi chiediamo di raccontarci esperienze simili: anche davanti alle vostre scuole c&#8217;\u00e8 il presidio della polizia? a che scopo? siete d&#8217;accordo con queste iniziative? Si, no, perch\u00e9? Attendiamo riscontri come sempre!<\/p>\n","protected":false},"excerpt":{"rendered":"<p>In alcune citt\u00e0 (soprattutto le pi\u00f9 grandi) avviene gi\u00e0 da un po&#8217; di tempo ma ogni volta che viene proposta questa iniziativa le proteste (degli studenti, principalmente) non mancano; stiamo parlando della proposta di alcune amministrazioni provinciali di far presidiare gli ingressi delle scuole superiori da pattuglie di poliziotti. L&#8217;ultima provincia che ha deciso di [&hellip;]<\/p>\n","protected":false},"author":5,"featured_media":0,"comment_status":"open","ping_status":"open","sticky":false,"template":"","format":"standard","meta":[],"categories":[5,7],"tags":[],"_links":{"self":[{"href":"https:\/\/iopartecipo.azionecattolica.it\/index.php?rest_route=\/wp\/v2\/posts\/860"}],"collection":[{"href":"https:\/\/iopartecipo.azionecattolica.it\/index.php?rest_route=\/wp\/v2\/posts"}],"about":[{"href":"https:\/\/iopartecipo.azionecattolica.it\/index.php?rest_route=\/wp\/v2\/types\/post"}],"author":[{"embeddable":true,"href":"https:\/\/iopartecipo.azionecattolica.it\/index.php?rest_route=\/wp\/v2\/users\/5"}],"replies":[{"embeddable":true,"href":"https:\/\/iopartecipo.azionecattolica.it\/index.php?rest_route=%2Fwp%2Fv2%2Fcomments&post=860"}],"version-history":[{"count":4,"href":"https:\/\/iopartecipo.azionecattolica.it\/index.php?rest_route=\/wp\/v2\/posts\/860\/revisions"}],"predecessor-version":[{"id":867,"href":"https:\/\/iopartecipo.azionecattolica.it\/index.php?rest_route=\/wp\/v2\/posts\/860\/revisions\/867"}],"wp:attachment":[{"href":"https:\/\/iopartecipo.azionecattolica.it\/index.php?rest_route=%2Fwp%2Fv2%2Fmedia&parent=860"}],"wp:term":[{"taxonomy":"category","embeddable":true,"href":"https:\/\/iopartecipo.azionecattolica.it\/index.php?rest_route=%2Fwp%2Fv2%2Fcategories&post=860"},{"taxonomy":"post_tag","embeddable":true,"href":"https:\/\/iopartecipo.azionecattolica.it\/index.php?rest_route=%2Fwp%2Fv2%2Ftags&post=860"}],"curies":[{"name":"wp","href":"https:\/\/api.w.org\/{rel}","templated":true}]}}