{"id":863,"date":"2009-11-03T19:25:32","date_gmt":"2009-11-03T18:25:32","guid":{"rendered":"http:\/\/www.azionecattolica.it\/net\/iopartecipo\/?p=863"},"modified":"2009-11-03T19:26:28","modified_gmt":"2009-11-03T18:26:28","slug":"corte-di-strasburgo-no-al-crocefisso-nelle-aule","status":"publish","type":"post","link":"https:\/\/iopartecipo.azionecattolica.it\/?p=863","title":{"rendered":"Corte di Strasburgo: &#8220;No al crocefisso nelle aule&#8221;"},"content":{"rendered":"<p style=\"text-align: justify;\"><img loading=\"lazy\" class=\"aligncenter\" title=\"scuola-crocefisso\" src=\"http:\/\/cronachelaiche.blog.kataweb.it\/files\/2009\/05\/crocifisso01g.jpg\" alt=\"\" width=\"300\" height=\"230\" \/><\/p>\n<p style=\"text-align: justify;\">La Corte dei diritti dell&#8217;uomo di Strasburgo (Coe) ha emesso oggi la sentenza sulla legittimit\u00e0 della presenza del crocefisso nelle aule scolastiche dopo il ricorso di una signora italiana. La Corte ha sentenziato che\u00a0\u00abla presenza del crocefisso, che \u00e8 impossibile non notare nelle aule scolastiche potrebbe essere facilmente interpretata dagli studenti di tutte le et\u00e0 come un simbolo religioso. Avvertirebbero cos\u00ec di essere educati in un ambiente scolastico che ha il marchio di una data religione\u00bb. Tutto questo, prosegue la sentenza, \u00abpotrebbe essere incoraggiante per gli studenti religiosi, ma fastidioso per i ragazzi che praticano altre religioni, in particolare se appartengono a minoranze religiose o sono atei\u00bb. Ancora, la Corte afferma che \u00abnon \u00e8 in grado di comprendere come l&#8217;esposizione, nelle classi delle scuole statali, di un simbolo che pu\u00f2 essere ragionevolmente associato con il cattolicesimo, possa servire al pluralismo educativo che \u00e8 essenziale per la conservazione di una societ\u00e0 democratica cos\u00ec come \u00e8 stata concepita dalla Convenzione europea dei diritti umani, un pluralismo che \u00e8 riconosciuto dalla Corte costituzionale italiana\u00bb.<\/p>\n<p style=\"text-align: justify;\">Il commento pi\u00f9 significativo alla sentenza della Corte di Strasburgo \u00e8 stato quello\u00a0Conferenza Episcopale Italiana, che dal suo sito esprime &#8220;<span>amarezza e non poche perplessit\u00e0<\/span><span>, f<\/span><span>atto salvo il necessario approfondimento delle motivazioni, in base a una prima lettura, sembra possibile rilevare il sopravvento di una visione parziale e ideologica. Risulta ignorato o trascurato il molteplice significato del crocifisso, che non \u00e8 solo simbolo religioso ma anche segno culturale. Non si tiene conto del fatto che, in realt\u00e0, nell&#8217;esperienza italiana l&#8217;esposizione del crocifisso nei luoghi pubblici \u00e8 in linea con il riconoscimento dei principi del cattolicesimo come &#8216;parte del patrimonio storico del popolo italiano&#8217;, ribadito dal Concordato del 1984<\/span>&#8220;.\u00a0La Cei sempre sul suo sito nota che &#8220;<span>in tal modo, si rischia di separare artificiosamente l&#8217;identit\u00e0 nazionale dalle sue matrici spirituali e culturali<\/span>&#8220;, e cita in modo eloquente le parole del papa, Benedetto XVI, il quale, un po&#8217; di tempo fa, aveva affermato che &#8220;n<span>on \u00e8 certo espressione di laicit\u00e0, ma sua degenerazione in laicismo, l&#8217;ostilit\u00e0 a ogni forma di rilevanza politica e culturale della religione; alla presenza, in particolare, di ogni simbolo religioso nelle istituzioni pubbliche<\/span>&#8220;.<\/p>\n<p style=\"text-align: justify;\">Il ministro della Pubblica Istruzione, Mariastella Gelmini, ha annunciato, mediante una nota ufficiale, che\u00a0\u00abil governo ha presentato ricorso contro la sentenza della Corte europea dei diritti dell&#8217;uomo di Strasburgo\u00bb.<\/p>\n<p style=\"text-align: justify;\">Si registrano per\u00f2 anche commenti molto positivi, come quello dell&#8217;Unione degli studenti, associazione studentesca appartenente al Forum \u00a0delle Associazioni maggiormente rappresentative\u00a0presso il Ministero, che afferma: &#8220;d<span>a sempre chiediamo una scuola plurale, democratica, laica e interculturale, che non ostacoli la libert\u00e0 di scelta religiosa e la sensibilit\u00e0 degli studenti- spiegano gli studenti dall&#8217;Uds- sono questi i principi che devono caratterizzare le nostre scuole e riteniamo che anche il Governo e le forze politiche debbano agire in questa direzione perch\u00e9 si parta proprio dai luoghi della cultura e dell&#8217;educazione per raggiungere un costruttivo dialogo tra le varie culture e le varie fedi, in primo luogo tra i cittadini europei<\/span>&#8220;.<\/p>\n<p style=\"text-align: justify;\">E voi che ne pensate??<\/p>\n","protected":false},"excerpt":{"rendered":"<p>La Corte dei diritti dell&#8217;uomo di Strasburgo (Coe) ha emesso oggi la sentenza sulla legittimit\u00e0 della presenza del crocefisso nelle aule scolastiche dopo il ricorso di una signora italiana. La Corte ha sentenziato che\u00a0\u00abla presenza del crocefisso, che \u00e8 impossibile non notare nelle aule scolastiche potrebbe essere facilmente interpretata dagli studenti di tutte le et\u00e0 [&hellip;]<\/p>\n","protected":false},"author":5,"featured_media":0,"comment_status":"open","ping_status":"open","sticky":false,"template":"","format":"standard","meta":[],"categories":[5,6,13],"tags":[],"_links":{"self":[{"href":"https:\/\/iopartecipo.azionecattolica.it\/index.php?rest_route=\/wp\/v2\/posts\/863"}],"collection":[{"href":"https:\/\/iopartecipo.azionecattolica.it\/index.php?rest_route=\/wp\/v2\/posts"}],"about":[{"href":"https:\/\/iopartecipo.azionecattolica.it\/index.php?rest_route=\/wp\/v2\/types\/post"}],"author":[{"embeddable":true,"href":"https:\/\/iopartecipo.azionecattolica.it\/index.php?rest_route=\/wp\/v2\/users\/5"}],"replies":[{"embeddable":true,"href":"https:\/\/iopartecipo.azionecattolica.it\/index.php?rest_route=%2Fwp%2Fv2%2Fcomments&post=863"}],"version-history":[{"count":2,"href":"https:\/\/iopartecipo.azionecattolica.it\/index.php?rest_route=\/wp\/v2\/posts\/863\/revisions"}],"predecessor-version":[{"id":865,"href":"https:\/\/iopartecipo.azionecattolica.it\/index.php?rest_route=\/wp\/v2\/posts\/863\/revisions\/865"}],"wp:attachment":[{"href":"https:\/\/iopartecipo.azionecattolica.it\/index.php?rest_route=%2Fwp%2Fv2%2Fmedia&parent=863"}],"wp:term":[{"taxonomy":"category","embeddable":true,"href":"https:\/\/iopartecipo.azionecattolica.it\/index.php?rest_route=%2Fwp%2Fv2%2Fcategories&post=863"},{"taxonomy":"post_tag","embeddable":true,"href":"https:\/\/iopartecipo.azionecattolica.it\/index.php?rest_route=%2Fwp%2Fv2%2Ftags&post=863"}],"curies":[{"name":"wp","href":"https:\/\/api.w.org\/{rel}","templated":true}]}}