{"id":876,"date":"2009-11-05T23:02:12","date_gmt":"2009-11-05T22:02:12","guid":{"rendered":"http:\/\/www.azionecattolica.it\/net\/iopartecipo\/?p=876"},"modified":"2009-11-05T23:08:26","modified_gmt":"2009-11-05T22:08:26","slug":"tacete-parla-lautore","status":"publish","type":"post","link":"https:\/\/iopartecipo.azionecattolica.it\/?p=876","title":{"rendered":"La parola a chi non crede"},"content":{"rendered":"<h2 style=\"text-align: center;\"><span style=\"color: #000000;\"><span style=\"color: #ff0000;\">Non togliete quel crocifisso<\/span><\/span><\/h2>\n<p style=\"text-align: center;\"><strong>&#8220;L\u2019Unit\u00e0&#8221; &#8211; 22 marzo 1988<\/strong><\/p>\n<p style=\"text-align: justify;\">Il crocifisso non genera nessuna discriminazione. Tace. E\u2019 l\u2019immagine della rivoluzione cristiana, che ha sparso per il mondo l\u2019idea di uguaglianza fra gli uomini fino ad allora assente.<\/p>\n<p style=\"text-align: justify;\">Il crocifisso \u00e8 simbolo del dolore umano. La corona di spine, i chiodi evocano le sue sofferenze. La croce che pensiamo alta in cima al monte, \u00e8 il segno della solitudine nella morte. Non conosco altri segni che diano con tanta forza il senso del nostro umano destino. Il crocifisso fa parte della storia del mondo. Per i cattolici, Ges\u00f9 Cristo \u00e8 il figlio di Dio. Per i non cattolici, pu\u00f2 essere semplicemente l\u2019immagine di uno che \u00e8 stato venduto, tradito, martoriato ed \u00e8 morto sulla croce per amore di Dio e del prossimo.<\/p>\n<p style=\"text-align: justify;\">Chi \u00e8 ateo, cancella l\u2019idea di Dio, ma conserva l\u2019idea del prossimo.<\/p>\n<p style=\"text-align: justify;\">Si dir\u00e0 che molti sono stati venduti, traditi e martoriati per la propria fede, per il prossimo, per le generazioni future, e di loro sui muri delle scuole non c\u2019\u00e8 immagine. E\u2019 vero, ma il crocifisso li rappresenta tutti.<\/p>\n<p style=\"text-align: justify;\">Come mai li rappresenta tutti? Perch\u00e9 prima di Cristo nessuno aveva mai detto che gli uomini sono uguali e fratelli tutti, ricchi e poveri, credenti e non credenti, ebrei e non ebrei, neri e bianchi, e nessuno prima di lui aveva detto che nel centro della nostra esistenza dobbiamo situare la solidariet\u00e0 tra gli uomini.<\/p>\n<p style=\"text-align: justify;\">Ges\u00f9 Cristo ha portato la croce. A tutti noi \u00e8 accaduto di portare sulle spalle il peso di una grande sventura. A questa sventura diamo il nome di croce, anche se non siamo cattolici, perch\u00e9 troppo forte e da troppi secoli \u00e8 impressa l\u2019idea della croce nel nostro pensiero.<\/p>\n<p style=\"text-align: justify;\">Alcune parole di Cristo, le pensiamo sempre, e possiamo essere laici, atei o quello che si vuole, ma fluttuano sempre nel nostro pensiero ugualmente.<\/p>\n<p style=\"text-align: justify;\">Il crocifisso fa parte della storia del mondo.<\/p>\n<p style=\"text-align: right;\"><strong>Natalia Ginzburg<\/strong><\/p>\n","protected":false},"excerpt":{"rendered":"<p>Non togliete quel crocifisso &#8220;L\u2019Unit\u00e0&#8221; &#8211; 22 marzo 1988 Il crocifisso non genera nessuna discriminazione. Tace. E\u2019 l\u2019immagine della rivoluzione cristiana, che ha sparso per il mondo l\u2019idea di uguaglianza fra gli uomini fino ad allora assente. Il crocifisso \u00e8 simbolo del dolore umano. La corona di spine, i chiodi evocano le sue sofferenze. La [&hellip;]<\/p>\n","protected":false},"author":3,"featured_media":0,"comment_status":"open","ping_status":"open","sticky":false,"template":"","format":"standard","meta":[],"categories":[7],"tags":[],"_links":{"self":[{"href":"https:\/\/iopartecipo.azionecattolica.it\/index.php?rest_route=\/wp\/v2\/posts\/876"}],"collection":[{"href":"https:\/\/iopartecipo.azionecattolica.it\/index.php?rest_route=\/wp\/v2\/posts"}],"about":[{"href":"https:\/\/iopartecipo.azionecattolica.it\/index.php?rest_route=\/wp\/v2\/types\/post"}],"author":[{"embeddable":true,"href":"https:\/\/iopartecipo.azionecattolica.it\/index.php?rest_route=\/wp\/v2\/users\/3"}],"replies":[{"embeddable":true,"href":"https:\/\/iopartecipo.azionecattolica.it\/index.php?rest_route=%2Fwp%2Fv2%2Fcomments&post=876"}],"version-history":[{"count":2,"href":"https:\/\/iopartecipo.azionecattolica.it\/index.php?rest_route=\/wp\/v2\/posts\/876\/revisions"}],"predecessor-version":[{"id":878,"href":"https:\/\/iopartecipo.azionecattolica.it\/index.php?rest_route=\/wp\/v2\/posts\/876\/revisions\/878"}],"wp:attachment":[{"href":"https:\/\/iopartecipo.azionecattolica.it\/index.php?rest_route=%2Fwp%2Fv2%2Fmedia&parent=876"}],"wp:term":[{"taxonomy":"category","embeddable":true,"href":"https:\/\/iopartecipo.azionecattolica.it\/index.php?rest_route=%2Fwp%2Fv2%2Fcategories&post=876"},{"taxonomy":"post_tag","embeddable":true,"href":"https:\/\/iopartecipo.azionecattolica.it\/index.php?rest_route=%2Fwp%2Fv2%2Ftags&post=876"}],"curies":[{"name":"wp","href":"https:\/\/api.w.org\/{rel}","templated":true}]}}