{"id":883,"date":"2009-11-18T15:12:51","date_gmt":"2009-11-18T14:12:51","guid":{"rendered":"http:\/\/www.azionecattolica.it\/net\/iopartecipo\/?p=883"},"modified":"2009-11-19T11:50:21","modified_gmt":"2009-11-19T10:50:21","slug":"sono-i-giovani-i-crocifissi-da-difendere","status":"publish","type":"post","link":"https:\/\/iopartecipo.azionecattolica.it\/?p=883","title":{"rendered":"&#8220;Sono i giovani i crocifissi  da difendere&#8221;"},"content":{"rendered":"<p style=\"text-align: justify;\">di don Luigi Ciotti<\/p>\n<p style=\"text-align: justify;\">I crocifissi da difendere, quelli veri, non sono quelli appesi ai muri delle scuole. Sono altri. Sono uomini e donne che fanno fatica. Che non ce la fanno e muoiono di stenti. E&#8217; verso di loro che non possiamo e non dobbiamo restare indifferenti. E&#8217; verso di loro che dobbiamo concentrare i nostri sforzi.<\/p>\n<p style=\"text-align: justify;\">\u00abUn crocifisso \u00e8 un malato di Aids, che ha bisogno di cure e di sostegno. Un crocifisso \u00e8 quel ragazzo brasiliano che \u00e8 morto qualche giorno fa a Torino. A casa aveva lasciato la moglie e i figli, era arrivato qui alla ricerca di un lavoro, e non ce l&#8217;ha fatta\u00bb.<\/p>\n<p style=\"text-align: justify;\">Abbiamo partecipato al suo funerale. C&#8217;erano tante persone, molte nemmeno lo conoscevano, ma erano l\u00ec ugualmente, a condividerne la sofferenza e il dolore.<br \/>\n\u00abE&#8217; giusto lottare per difendere i simboli di quello in cui crediamo, ma allo stesso tempo bisognare stare molto attenti a non cedere al puro idealismo. Lo dice il Vangelo stesso: i pezzetti di Dio sono sparsi nel mondo che ci circonda. Li troviamo ovunque. Nel concreto, nella vita di tutti i giorni, tra le persone che vivono accanto a noi, e di cui spesso nemmeno ci accorgiamo dell\u2019esistenza. E&#8217; con queste realt\u00e0 che dobbiamo imparare ad avere a che fare e a misurarci.<br \/>\n\u00abBisogna imparare a vivere con corresponsabilit\u00e0, come i tanti e tanti volontari che dedicano il proprio tempo a un bene che non \u00e8 esclusivamente loro, ma pubblico, di tutti quanti. Dobbiamo sentirci tutti chiamati in causa, nei grandi nuclei urbani come nei tanti piccoli paesi di provincia. La partecipazione \u00e8 il primo passo in favore dei pi\u00f9 deboli.<br \/>\n\u00abI crocifissi non si difendono soltanto con le parole. Infatti queste troppe volte non bastano. Bisogna imparare ad affrontare la realt\u00e0 con concretezza, e tendere la mano alle persone sole, a chi non ha pi\u00f9 una famiglia e a chi non pu\u00f2 ricorrere all&#8217;aiuto dei propri cari\u00bb.<\/p>\n<p style=\"text-align: justify;\">da &#8220;La Stampa&#8221;, 11\/11\/2009<\/p>\n","protected":false},"excerpt":{"rendered":"<p>di don Luigi Ciotti I crocifissi da difendere, quelli veri, non sono quelli appesi ai muri delle scuole. Sono altri. Sono uomini e donne che fanno fatica. Che non ce la fanno e muoiono di stenti. E&#8217; verso di loro che non possiamo e non dobbiamo restare indifferenti. E&#8217; verso di loro che dobbiamo concentrare [&hellip;]<\/p>\n","protected":false},"author":5,"featured_media":0,"comment_status":"open","ping_status":"open","sticky":false,"template":"","format":"standard","meta":[],"categories":[7],"tags":[],"_links":{"self":[{"href":"https:\/\/iopartecipo.azionecattolica.it\/index.php?rest_route=\/wp\/v2\/posts\/883"}],"collection":[{"href":"https:\/\/iopartecipo.azionecattolica.it\/index.php?rest_route=\/wp\/v2\/posts"}],"about":[{"href":"https:\/\/iopartecipo.azionecattolica.it\/index.php?rest_route=\/wp\/v2\/types\/post"}],"author":[{"embeddable":true,"href":"https:\/\/iopartecipo.azionecattolica.it\/index.php?rest_route=\/wp\/v2\/users\/5"}],"replies":[{"embeddable":true,"href":"https:\/\/iopartecipo.azionecattolica.it\/index.php?rest_route=%2Fwp%2Fv2%2Fcomments&post=883"}],"version-history":[{"count":5,"href":"https:\/\/iopartecipo.azionecattolica.it\/index.php?rest_route=\/wp\/v2\/posts\/883\/revisions"}],"predecessor-version":[{"id":888,"href":"https:\/\/iopartecipo.azionecattolica.it\/index.php?rest_route=\/wp\/v2\/posts\/883\/revisions\/888"}],"wp:attachment":[{"href":"https:\/\/iopartecipo.azionecattolica.it\/index.php?rest_route=%2Fwp%2Fv2%2Fmedia&parent=883"}],"wp:term":[{"taxonomy":"category","embeddable":true,"href":"https:\/\/iopartecipo.azionecattolica.it\/index.php?rest_route=%2Fwp%2Fv2%2Fcategories&post=883"},{"taxonomy":"post_tag","embeddable":true,"href":"https:\/\/iopartecipo.azionecattolica.it\/index.php?rest_route=%2Fwp%2Fv2%2Ftags&post=883"}],"curies":[{"name":"wp","href":"https:\/\/api.w.org\/{rel}","templated":true}]}}