{"id":901,"date":"2009-12-03T22:34:07","date_gmt":"2009-12-03T21:34:07","guid":{"rendered":"http:\/\/www.azionecattolica.it\/net\/iopartecipo\/?p=901"},"modified":"2009-12-04T11:39:56","modified_gmt":"2009-12-04T10:39:56","slug":"diritto-allo-studio-al-via-ieri-il-confronto","status":"publish","type":"post","link":"https:\/\/iopartecipo.azionecattolica.it\/?p=901","title":{"rendered":"Diritto allo Studio: al via ieri il confronto"},"content":{"rendered":"<p style=\"text-align: justify;\"><a style=\"text-decoration: none;\" href=\"http:\/\/www.azionecattolica.it\/net\/iopartecipo\/wp-content\/uploads\/2009\/12\/484e80339d432_zoom.jpg\"><img loading=\"lazy\" class=\"aligncenter size-medium wp-image-906\" title=\"484e80339d432_zoom\" src=\"http:\/\/www.azionecattolica.it\/net\/iopartecipo\/wp-content\/uploads\/2009\/12\/484e80339d432_zoom-300x212.jpg\" alt=\"\" width=\"300\" height=\"212\" srcset=\"https:\/\/iopartecipo.azionecattolica.it\/wp-content\/uploads\/2009\/12\/484e80339d432_zoom-300x212.jpg 300w, https:\/\/iopartecipo.azionecattolica.it\/wp-content\/uploads\/2009\/12\/484e80339d432_zoom.jpg 500w\" sizes=\"(max-width: 300px) 100vw, 300px\" \/><\/a><span style=\"font-weight: normal; font-size: 13px;\">Si \u00e8 svolto ieri (2 dicembre) presso la sede del Ministero dell&#8217;Istruzione, dell&#8217;Universit\u00e0 e della Ricerca il primo incontro del tavolo sul Diritto allo Studio. Al tavolo hanno preso parte i ministri Mariastella Gelmini (Istruzione) e Giorgia Meloni (Giovent\u00f9), le associazioni dei genitori e le associazioni studentesche che fanno parte del Forum delle associazioni studentesche. A seguito di questo incontro i due ministri con alcuni tecnici del MIUR hanno preso parte anche ad un confronto con gli Enti locali ed in particolare con la conferenza Stato-Regioni. Per il MSAC hanno preso parte Marco Maccolini, collaboratore centrale, e Michele Azzoni, incaricato MSAC per il Triveneto.<\/span><\/p>\n<p style=\"text-align: justify;\">L&#8217;incontro aveva lo scopo, secondo quanto preannunciato dalla Gelmini, di conoscere le proposte e le istanze delle associazioni studentesche e dei genitori. Tutte le associazioni si sono dette molto soddisfatte dell&#8217;idea del governo di intervenire sul tema del diritto allo studio elaborando un testo condiviso dalle associazioni e dalle Regioni da presentare alle Camere che, come sottolineato dall&#8217;On. Giorgia Meloni, manterranno il loro potere legislativo e quindi potranno apportare tutte le modifiche che riterranno opportune.<\/p>\n<p style=\"text-align: justify;\">Tutte le associazioni, sia quelle degli studenti sia quelle dei genitori, hanno\u00a0per\u00f2\u00a0fatto emergere la\u00a0necessit\u00e0 di un confronto diretto da parte delle associazioni con la conferenza Stato-Regioni per capire anche le loro disponibilit\u00e0 ma soprattutto la necessit\u00e0 di garantire risorse finanziarie per poter elaborare qualcosa di nuovo sul diritto allo studio. I ministri hanno assicurato il loro impegno in prima persona su questi punti anche se il ministro Meloni ha sottolineato che le risorse finanziarie\u00a0disponibili, in un periodo di crisi, non sono illimitate e che quindi \u00e8 necessario uno studio dei costi-benefici delle varie proposte avanzate.<\/p>\n<p style=\"text-align: justify;\">Molti sono stati gli ambiti del diritto allo studio trattati durante il confronto. Il MSAC ha evidenziato la necessit\u00e0 (urgente!!) di una legge quadro sul diritto allo studio che garantisca livelli essenziali di prestazioni erogabili in modo che, in Italia, non ci siano pi\u00f9 troppe disparit\u00e0 fra le regioni pur consapevoli del fatto che la scuola superiore, secondo quanto stabilito dall&#8217;articolo 117 comma 3 della nostra Carta Costituzionale, \u00e8 di competenza concorrente fra Stato e Regioni. Questa legge quadro dovrebbe quindi garantire alle famiglie un sostegno economico per far fronte al problema del caro libri (pensando magari anche alla possibilit\u00e0 dell&#8217;introduzione del servizio prestito libri come gi\u00e0 avviato da alcuni comuni italiani, fra i quali quello di Roma), la possibilit\u00e0 di usufruire dei trasporti pubblici a prezzi agevolati, di usufruire di borse di studio, come stabilito dall&#8217;articolo 34 della nostra Costituzione, dovrebbe incentivare la diffusione della Carta dello Studente &#8220;Io Studio&#8221;, rendendo possibili convenzioni locali. Insomma una legge che punti a garantire davvero una scuola &#8220;aperta a tutti&#8221; e che eviti il pi\u00f9 possibile la dispersione scolastica. La necessit\u00e0 di una legge quadro sul diritto allo studio \u00e8 stata condivisa anche dalle altre associazioni degli studenti e dai genitori e in particolare dai ministri che hanno spiegato che proprio su questo vorrebbero puntare.<\/p>\n<p style=\"text-align: justify;\">Tutte le associazioni studentesche, a partire dal MSAC, hanno chiesto per\u00f2 di garantire, all&#8217;interno di questa legge sul diritto allo studio, iniziative per l&#8217;edilizia scolastica con lo scopo di intervenire ALMENO nelle zone a rischio sismico e in quelle scuole a rischio crollo, trovando il favore del ministro Gelmini che ha ricordato che ad oggi, con l&#8217;anagrafe degli istituti scolastici, si \u00e8 giunti a monitorare pi\u00f9 del 70% degli istituti.<\/p>\n<p style=\"text-align: justify;\">Sul problema del caro libri, i ministri hanno garantito che in finanziaria saranno previste le risorse economiche necessarie per finanziare l&#8217;acquisto dei libri di testo per la Scuola Primaria, a seguito di un chiarimento chiesto dalla Rete degli Studenti, e il ministro Meloni ha illustrato brevemente l&#8217;iniziativa approvata dal suo ministero di introdurre nelle scuole italiane degli e-book. Su questo punto tutte le associazioni hanno sottolineato che questa innovazione tecnologica \u00e8 molto apprezzata ma che bisogna tener conto che non tutte le famiglie italiane sono dotate di un computer.<\/p>\n","protected":false},"excerpt":{"rendered":"<p>Si \u00e8 svolto ieri (2 dicembre) presso la sede del Ministero dell&#8217;Istruzione, dell&#8217;Universit\u00e0 e della Ricerca il primo incontro del tavolo sul Diritto allo Studio. Al tavolo hanno preso parte i ministri Mariastella Gelmini (Istruzione) e Giorgia Meloni (Giovent\u00f9), le associazioni dei genitori e le associazioni studentesche che fanno parte del Forum delle associazioni studentesche. [&hellip;]<\/p>\n","protected":false},"author":1,"featured_media":0,"comment_status":"open","ping_status":"open","sticky":false,"template":"","format":"standard","meta":[],"categories":[1,13],"tags":[],"_links":{"self":[{"href":"https:\/\/iopartecipo.azionecattolica.it\/index.php?rest_route=\/wp\/v2\/posts\/901"}],"collection":[{"href":"https:\/\/iopartecipo.azionecattolica.it\/index.php?rest_route=\/wp\/v2\/posts"}],"about":[{"href":"https:\/\/iopartecipo.azionecattolica.it\/index.php?rest_route=\/wp\/v2\/types\/post"}],"author":[{"embeddable":true,"href":"https:\/\/iopartecipo.azionecattolica.it\/index.php?rest_route=\/wp\/v2\/users\/1"}],"replies":[{"embeddable":true,"href":"https:\/\/iopartecipo.azionecattolica.it\/index.php?rest_route=%2Fwp%2Fv2%2Fcomments&post=901"}],"version-history":[{"count":9,"href":"https:\/\/iopartecipo.azionecattolica.it\/index.php?rest_route=\/wp\/v2\/posts\/901\/revisions"}],"predecessor-version":[{"id":911,"href":"https:\/\/iopartecipo.azionecattolica.it\/index.php?rest_route=\/wp\/v2\/posts\/901\/revisions\/911"}],"wp:attachment":[{"href":"https:\/\/iopartecipo.azionecattolica.it\/index.php?rest_route=%2Fwp%2Fv2%2Fmedia&parent=901"}],"wp:term":[{"taxonomy":"category","embeddable":true,"href":"https:\/\/iopartecipo.azionecattolica.it\/index.php?rest_route=%2Fwp%2Fv2%2Fcategories&post=901"},{"taxonomy":"post_tag","embeddable":true,"href":"https:\/\/iopartecipo.azionecattolica.it\/index.php?rest_route=%2Fwp%2Fv2%2Ftags&post=901"}],"curies":[{"name":"wp","href":"https:\/\/api.w.org\/{rel}","templated":true}]}}