{"id":921,"date":"2009-12-14T15:04:52","date_gmt":"2009-12-14T14:04:52","guid":{"rendered":"http:\/\/www.azionecattolica.it\/net\/iopartecipo\/?p=921"},"modified":"2009-12-14T15:04:52","modified_gmt":"2009-12-14T14:04:52","slug":"stoppata-la-riforma-gelmini-di-licei-e-tecnici","status":"publish","type":"post","link":"https:\/\/iopartecipo.azionecattolica.it\/?p=921","title":{"rendered":"Stoppata la riforma Gelmini di licei e tecnici"},"content":{"rendered":"<p style=\"text-align: justify;\">I tre regolamenti sul secondo ciclo dell&#8217;istruzione (uno per i licei, uno per i tecnici e uno per i professionali) sono stati ancora una volta stoppati. La prima battuta d&#8217;arresto l&#8217;avevano avuta per l&#8217;introduzione della legge sui decreti legislativi che prevede almeno un passaggio per le commissioni parlamentari prima della loro trasformazione in legge. Un&#8217;iter prolungato che ha quindi richiesto pi\u00f9 tempo, ma ad oggi sembra che, nonostante fossero stati previsti entro la fine di novembre, tali pareri proprio delle commissioni parlamentari non siano ancora pervenuti<\/p>\n<p style=\"text-align: justify;\">Il 9 dicembre la notizia del secondo alt: il Consiglio di Stato\u00a0 ha temporaneamente stoppato i tre dpr perch\u00e8 vuole vederci chiaro:\u00a0<span style=\"font-size: x-small;\"> <em>\u201cSui punti segnalati occorre che il Ministero dell\u2019istruzione fornisca i chiarimenti richiesti\u201d. <\/em><\/span><\/p>\n<p style=\"text-align: justify;\">Il Ministero infatti deve chiarire:1) LE MODALITA&#8217; di attuazione dei regolamenti che prevedono, lo ricordiamo, la ristrutturazione dei piani orari e degli indirizzi di studi. Il ministero deve appunto prima fornire le nuove indicazioni nazionali riguardo gli Obiettivi Specifici di Apprendimento (i nuovi &#8220;OSA&#8221;). sono previste poi cattedre riarticolate, ma la cui riforma ancora non si vede, e nuovi criteri di valutazione<\/p>\n<p style=\"text-align: justify;\">Bisogna poi verificare 2)che i dpr non confliggano con la legge sull&#8217;AUTONOMIA DIDATTICA. non solo per le porzioni orarie lasciate all&#8217;autodeterminazione delle scuole, ma anche per quella costituzione di consigli scientifici di docenti con ospiti esterni, dipartimenti, ecc che a parte del consiglio di stato andrebbero lasciate, per il principio dell&#8217;autonomia, all&#8217;autodeterminazione degli istituti. Anche perch\u00e8 per la costituzione di tali organi non sono previsti finanziamenti<\/p>\n<p style=\"text-align: justify;\">Da chiarire poi, \u00e8 del il passaggio pi\u00f9 controvero, 3)le modalit\u00e0 del PASSAGGIO AL NUOVO ORDINAMENTI, una confusione che ha lasciato le scuole in balia del caos e dell&#8217;incertezza: <span style=\"font-size: x-small;\"><em>\u201cE&#8217; opportuno <\/em><em>che il Ministero dell\u2019istruzione illustri la graduazione di tale passaggio, anche con riguardo alla tutela dell\u2019affidamento degli studenti che, trovandosi nelle situazioni di transito, subiranno una modificazione dell\u2019iter formativo prescelto\u201d. <\/em><\/span><\/p>\n<p style=\"text-align: center;\"><strong>Stando cos\u00ec le cose, \u00e8 assodato che i tempi si allungano ed \u00e8 <\/strong><strong>improbabile che la riforma sia operativa dal prossimo anno. <\/strong><\/p>\n","protected":false},"excerpt":{"rendered":"<p>I tre regolamenti sul secondo ciclo dell&#8217;istruzione (uno per i licei, uno per i tecnici e uno per i professionali) sono stati ancora una volta stoppati. La prima battuta d&#8217;arresto l&#8217;avevano avuta per l&#8217;introduzione della legge sui decreti legislativi che prevede almeno un passaggio per le commissioni parlamentari prima della loro trasformazione in legge. Un&#8217;iter [&hellip;]<\/p>\n","protected":false},"author":3,"featured_media":0,"comment_status":"open","ping_status":"open","sticky":false,"template":"","format":"standard","meta":[],"categories":[13],"tags":[21,24,27,28,25,17,26],"_links":{"self":[{"href":"https:\/\/iopartecipo.azionecattolica.it\/index.php?rest_route=\/wp\/v2\/posts\/921"}],"collection":[{"href":"https:\/\/iopartecipo.azionecattolica.it\/index.php?rest_route=\/wp\/v2\/posts"}],"about":[{"href":"https:\/\/iopartecipo.azionecattolica.it\/index.php?rest_route=\/wp\/v2\/types\/post"}],"author":[{"embeddable":true,"href":"https:\/\/iopartecipo.azionecattolica.it\/index.php?rest_route=\/wp\/v2\/users\/3"}],"replies":[{"embeddable":true,"href":"https:\/\/iopartecipo.azionecattolica.it\/index.php?rest_route=%2Fwp%2Fv2%2Fcomments&post=921"}],"version-history":[{"count":1,"href":"https:\/\/iopartecipo.azionecattolica.it\/index.php?rest_route=\/wp\/v2\/posts\/921\/revisions"}],"predecessor-version":[{"id":922,"href":"https:\/\/iopartecipo.azionecattolica.it\/index.php?rest_route=\/wp\/v2\/posts\/921\/revisions\/922"}],"wp:attachment":[{"href":"https:\/\/iopartecipo.azionecattolica.it\/index.php?rest_route=%2Fwp%2Fv2%2Fmedia&parent=921"}],"wp:term":[{"taxonomy":"category","embeddable":true,"href":"https:\/\/iopartecipo.azionecattolica.it\/index.php?rest_route=%2Fwp%2Fv2%2Fcategories&post=921"},{"taxonomy":"post_tag","embeddable":true,"href":"https:\/\/iopartecipo.azionecattolica.it\/index.php?rest_route=%2Fwp%2Fv2%2Ftags&post=921"}],"curies":[{"name":"wp","href":"https:\/\/api.w.org\/{rel}","templated":true}]}}