{"id":923,"date":"2009-12-16T19:45:26","date_gmt":"2009-12-16T18:45:26","guid":{"rendered":"http:\/\/www.azionecattolica.it\/net\/iopartecipo\/?p=923"},"modified":"2009-12-28T12:24:26","modified_gmt":"2009-12-28T11:24:26","slug":"qui-forum","status":"publish","type":"post","link":"https:\/\/iopartecipo.azionecattolica.it\/?p=923","title":{"rendered":"Qui Forum!"},"content":{"rendered":"<p style=\"text-align: justify;\">\n<div id=\"attachment_924\" style=\"width: 209px\" class=\"wp-caption alignleft\"><a href=\"http:\/\/www.azionecattolica.it\/net\/iopartecipo\/wp-content\/uploads\/2009\/12\/2225925240_cf1d2f1fa4.jpg\"><img aria-describedby=\"caption-attachment-924\" loading=\"lazy\" class=\"size-medium wp-image-924\" title=\"2225925240_cf1d2f1fa4\" src=\"http:\/\/www.azionecattolica.it\/net\/iopartecipo\/wp-content\/uploads\/2009\/12\/2225925240_cf1d2f1fa4-199x300.jpg\" alt=\"il dott. Bruschi\" width=\"199\" height=\"300\" srcset=\"https:\/\/iopartecipo.azionecattolica.it\/wp-content\/uploads\/2009\/12\/2225925240_cf1d2f1fa4-199x300.jpg 199w, https:\/\/iopartecipo.azionecattolica.it\/wp-content\/uploads\/2009\/12\/2225925240_cf1d2f1fa4.jpg 333w\" sizes=\"(max-width: 199px) 100vw, 199px\" \/><\/a><p id=\"caption-attachment-924\" class=\"wp-caption-text\">il dott. Bruschi<\/p><\/div>\n<p style=\"text-align: justify;\">Si \u00e8 riunito ieri pomeriggio (15 dicembre, ndr), presso il Salone dei Ministri del Ministero dell&#8217;Istruzione, dell&#8217;Universit\u00e0 e della Ricerca, il Forum delle associazioni studentesche maggiormente rappresentative alla presenza del consigliere del Ministro Gelmini, il dott. Max Bruschi.<\/p>\n<p style=\"text-align: justify;\">Presenti alla riunione del Forum Alternativa Studentesca, Azione Studentesca (entrambe vicine al PdL), la Rete degli Studenti medi, l&#8217;Unione degli Studenti (entrambe vicine alla sinistra italiana), il Movimento Studenti Cattolici (scuole paritarie) e noi del Movimento Studenti di AC. Il\u00a0MSAC era rappresentato da Marco Maccolini e da Michele Azzoni.<\/p>\n<p style=\"text-align: justify;\">L&#8217;aggiornamento da parte del coordinatore della &#8220;cabina di regia&#8221;, il dott. Bruschi, sul riordino e la revisione dei Licei, degli Istituti Tecnici e professionali, era il tema all&#8217;ordine del giorno del Forum.<\/p>\n<p style=\"text-align: justify;\">Il dott. Bruschi ha voluto fornire alle associazioni studentesche qualche aggiornamento procedurale sull&#8217;iter dei nuovi regolamenti. In particolare il dott. Bruschi ha voluto chiarire che il Consiglio di Stato non ha stoppato i regolamenti ma ha &#8220;chiesto soltanto alcuni chiarimenti di tipo normativo&#8221;. Il Miur ha gi\u00e0 provveduto a trasmettere le risposte ai chiarimenti chiesti dal Consiglio di Stato e che, di conseguenza, entro il 21 dicembre dovrebbe esprimersi. In questo modo &#8211; ha spiegato Bruschi &#8211; nel mese di gennaio ci sarebbe il tempo necessario per ottenere la seconda approvazione da parte delle Commissioni Cultura ed Istruzione di Camera e Senato e il via definitivo, in seconda lettura, da parte del Consiglio dei Ministri.<\/p>\n<p style=\"text-align: justify;\">Bruschi ha inoltre spiegato che in questi mesi il MIUR ha raccolto i pareri formali e informali di molte associazioni e organi istituzionali (fra i quali anche quello del Consiglio Nazionale della Pubblica Istruzione) e ha provveduto ad organizzare 6 seminari e 20 conferenze in tutte le regioni d&#8217;Italia in modo da poter raccogliere eventuali suggerimenti da parte dei\u00a0Dirigenti Scolastici e dei docenti. In contemporanea erano stati attivati dei siti (http:\/\/nuovilicei.indire.it\/ et\u00a0http:\/\/nuovitecnici.indire.it\/ et\u00a0http:\/\/nuoviprofessionali.indire.it\/) nei quali gli studenti potevano chiedere chiarimenti, dare la loro impressione e fornire suggerimenti sui testi dei regolamenti.<\/p>\n<p style=\"text-align: justify;\">Ora per\u00f2, a seguito di questo iter procedurale, sono emerse alcune necessit\u00e0 e sono state aperte alcune questioni sulle quali, a breve, la &#8220;cabina di regia&#8221; dovr\u00e0 esprimersi. Per esempio \u00e8 emersa la volont\u00e0 di elaborare delle indicazioni nazionali sui piani di studio delle materie &#8220;pilastro&#8221; delle nuove scuole secondarie di II grado. Una sorta di elaborazione di programmi fattibili ed essenziali, pur garantendo l&#8217;autonomia dei docenti. Altre questioni aperte sono l&#8217;eventuale soppressione, per il Liceo scientifico, dell&#8217;opzione scientifico-tecnologico (proposta avanzata dalla Commissione Cultura del Senato) e l&#8217;eventuale introduzione della terza lingua straniera, per i\u00a0Licei Linguistici, dal biennio o dal triennio.<\/p>\n<p style=\"text-align: justify;\">Molte sono state, successivamente, le domande poste dalle associazioni studentesche al dott. Bruschi, il quale ha risposto meticolosamente a tutte. Il MSAC ha chiesto chiarimenti in merito alla data di avvio di questo riordino, visti i tempi ristretti: nel concreto volevamo capire se, da parte del Ministero, c&#8217;\u00e8 l&#8217;intenzione di far partire il tutto dall&#8217;anno prossimo &#8211; come attualmente previsto &#8211; o se si rinvier\u00e0 di un ulteriore anno l&#8217;avvio e se \u00e8 vera la possibile soluzione, apparsa nei giorni scorsi sulla stampa italiana, di rinviare ulteriormente al 31 marzo 2010 il termine per le iscrizioni alla scuole superiori. In merito a questo quesito il dott. Bruschi ha \u00a0spiegato che &#8220;il riordino partir\u00e0 sicuramente dal prossimo anno e che, probabilmente, ci sar\u00e0 un rinvio del termine per le iscrizioni al nuovo anno&#8221;. Inoltre \u00e8 stata data la notizia che, quasi sicuramente, la riforma partir\u00e0 solo per gli studenti che inizieranno la scuola secondaria dal prossimo anno e non, come precedentemente previsto, per gli studenti attualmente iscritti al primo anno. \u00a0Il MSAC ha poi voluto avere alcune delucidazioni sulla situazione del liceo musicale e coreutico e ha chiesto che venga messa in atto una massiccia campagna di informazione per gli studenti e per le famiglie, in stretta collaborazione con le scuole, in modo che gli studenti possano avere la consapevolezza del tipo di percorso di studi che intraprenderanno. Tutte le associazioni hanno chiesto di essere coinvolte nella stesura delle indicazioni nazionali sui piani di studio. Il dott. Bruschi ha garantito che il MIUR sta studiando una campagna d&#8217;informazione per la diffusione delle novit\u00e0 che verranno introdotte con i nuovi regolamenti e che \u00e8 intenzione del Ministro Gelmini coinvolgere le associazioni\u00a0nella stesura delle indicazioni nazionali sui piani di studio.<\/p>\n","protected":false},"excerpt":{"rendered":"<p>Si \u00e8 riunito ieri pomeriggio (15 dicembre, ndr), presso il Salone dei Ministri del Ministero dell&#8217;Istruzione, dell&#8217;Universit\u00e0 e della Ricerca, il Forum delle associazioni studentesche maggiormente rappresentative alla presenza del consigliere del Ministro Gelmini, il dott. Max Bruschi. Presenti alla riunione del Forum Alternativa Studentesca, Azione Studentesca (entrambe vicine al PdL), la Rete degli Studenti [&hellip;]<\/p>\n","protected":false},"author":5,"featured_media":0,"comment_status":"open","ping_status":"open","sticky":false,"template":"","format":"standard","meta":[],"categories":[1],"tags":[38,36,37,24,206,25,26],"_links":{"self":[{"href":"https:\/\/iopartecipo.azionecattolica.it\/index.php?rest_route=\/wp\/v2\/posts\/923"}],"collection":[{"href":"https:\/\/iopartecipo.azionecattolica.it\/index.php?rest_route=\/wp\/v2\/posts"}],"about":[{"href":"https:\/\/iopartecipo.azionecattolica.it\/index.php?rest_route=\/wp\/v2\/types\/post"}],"author":[{"embeddable":true,"href":"https:\/\/iopartecipo.azionecattolica.it\/index.php?rest_route=\/wp\/v2\/users\/5"}],"replies":[{"embeddable":true,"href":"https:\/\/iopartecipo.azionecattolica.it\/index.php?rest_route=%2Fwp%2Fv2%2Fcomments&post=923"}],"version-history":[{"count":4,"href":"https:\/\/iopartecipo.azionecattolica.it\/index.php?rest_route=\/wp\/v2\/posts\/923\/revisions"}],"predecessor-version":[{"id":935,"href":"https:\/\/iopartecipo.azionecattolica.it\/index.php?rest_route=\/wp\/v2\/posts\/923\/revisions\/935"}],"wp:attachment":[{"href":"https:\/\/iopartecipo.azionecattolica.it\/index.php?rest_route=%2Fwp%2Fv2%2Fmedia&parent=923"}],"wp:term":[{"taxonomy":"category","embeddable":true,"href":"https:\/\/iopartecipo.azionecattolica.it\/index.php?rest_route=%2Fwp%2Fv2%2Fcategories&post=923"},{"taxonomy":"post_tag","embeddable":true,"href":"https:\/\/iopartecipo.azionecattolica.it\/index.php?rest_route=%2Fwp%2Fv2%2Ftags&post=923"}],"curies":[{"name":"wp","href":"https:\/\/api.w.org\/{rel}","templated":true}]}}