{"id":971,"date":"2010-01-15T12:57:01","date_gmt":"2010-01-15T11:57:01","guid":{"rendered":"http:\/\/www.azionecattolica.it\/net\/iopartecipo\/?p=971"},"modified":"2010-01-15T13:14:30","modified_gmt":"2010-01-15T12:14:30","slug":"lettera-aperta-di-un-prof-sui-tecnici","status":"publish","type":"post","link":"https:\/\/iopartecipo.azionecattolica.it\/?p=971","title":{"rendered":"Lettera aperta di un prof. sui tecnici"},"content":{"rendered":"<p style=\"text-align: center;\"><em>Avendo ricevuto preghiera di pubblicazione, postiamo qui, all&#8217;interno della rubrica &#8220;dico la mia&#8221; la lettera aperta al Ministro Gelmini del prof. Daniele Manni, dell&#8217;ITC Costa di Lecce<\/em><\/p>\n<p style=\"text-align: center;\">_________<\/p>\n<p align=\"center\">Lettera aperta<\/p>\n<p align=\"center\"><strong><strong>Al Ministro della Pubblica Istruzione Mariastella Gelmini<\/strong><\/strong><\/p>\n<p align=\"center\">\n<p align=\"center\">e per conoscenza<\/p>\n<p align=\"center\"><strong><strong>Al\u00a0Direttore Generale per gli Ordinamenti\u00a0Scolastici Mario Giacomo Dutto <\/strong><\/strong><\/p>\n<p><strong><strong>Gent.mo Ministro Gelmini<\/strong><\/strong>,<\/p>\n<p style=\"text-align: justify;\">mi chiamo\u00a0Daniele Manni, sono un docente di Informatica\u00a0in servizio da 18 anni\u00a0presso l&#8217;Istituto Tecnico Commerciale &#8220;Costa&#8221; di Lecce, e quanto Le sto per scrivere esprime, probabilmente, il pensiero di molti, se non di tutti, i miei colleghi in Italia che insegnano la mia materia nell&#8217;indirizzo &#8220;Programmatori&#8221; presso i Tecnici Commerciali.<\/p>\n<p style=\"text-align: justify;\">Prendendo visione del\u00a0<strong><strong>riordino degli Istituti Tecnici<\/strong><\/strong> non si pu\u00f2 non constatare come sia stato eliminato del tutto nel <strong><strong>Settore Economico<\/strong><\/strong> l&#8217;indirizzo &#8220;Programmatori&#8221; (indirizzo in cui l&#8217;Informatica \u00e8\u00a0una delle principali materie\u00a0e che, tra l&#8217;altro, negli ultimi venti anni ha visto crescere esponenzialmente il numero degli iscritti, data la richiesta sul mercato della specifica figura uscente) e come <strong><strong>dalle attuali 5 e 6 ore settimanali di Informatica<\/strong><\/strong> si passer\u00e0 a settembre, nel migliore dei casi, a <strong><strong>solo 2 ore<\/strong><\/strong> (per i primi quattro anni) e a 0 (zero) ore per il quinto anno.<\/p>\n<p style=\"text-align: justify;\">Ora, volendo anche trascurare gli aspetti legati alla pura e semplice meraviglia sul perch\u00e8 venga cos\u00ec drasticamente ridotto il monte ore di una <strong><strong>materia talmente\u00a0attuale\u00a0e professionalizzante<\/strong><\/strong> nell&#8217;ambito dell&#8217;istruzione tecnica ed in particolare<!--more--> nel settore economico, non posso non portare alla Sua conoscenza cosa tale riduzione significher\u00e0 nel caso specifico della nostra scuola.<\/p>\n<p style=\"text-align: justify;\">L&#8217;Istituto &#8220;Costa&#8221; di Lecce negli ultimi dieci anni <strong><strong>ha raggiunto la <a href=\"http:\/\/www.nonsolofannulloni.forumpa.it\/100-storie\/segnalazioni-dalla-pa\/?id=969\">qualifica di eccellenza<\/a><\/strong><\/strong> e si \u00e8 distinto a livello nazionale ed internazionale\u00a0proprio per l&#8217;atteggiamento avanguardista e per la profonda e accurata attenzione rivolta ai nuovi sistemi di comunicazione attraverso l&#8217;uso dell&#8217;informatica e lo studio del web e dei suoi servizi. In coda a questa mia comunicazione trover\u00e0 un elenco dei\u00a0risultati raggiunti e dei riconoscimenti ottenuti, a partire dal 2000, quando\u00a0ci \u00e8\u00a0stato assegnato\u00a0dagli USA\u00a0il &#8220;Best of the Blues Website Award&#8221;.<\/p>\n<p style=\"text-align: justify;\">Abbiamo percepito per primi le potenzialit\u00e0 della rete Internet, essendo stata la prima scuola in Italia ad aver attivato un web server in sede nel 1994, e da allora siamo riusciti a specializzare i nostri alunni e le nostre alunne nell&#8217;uso delle pi\u00f9 innovative tecnologie di comunicazione, avviandoli verso professioni richiestissime nel mondo dell&#8217;imprenditoria e dell&#8217;economia, proprio come ci si aspetta, pensavamo, da un Istituto Tecnico Commerciale.<\/p>\n<p style=\"text-align: justify;\">Non solo, il &#8220;Costa&#8221; \u00e8 probabilmente l&#8217;unica scuola in Italia ad aver creato nel 2004 al suo interno una <strong><strong>vera e propria societ\u00e0 di lavoro<\/strong><\/strong> (Arianoa s.c.r.l. &#8211; <a href=\"http:\/\/www.arianoa.it\/\">www.arianoa.it<\/a>) che ha per soci i diplomati dell&#8217;istituto e che funge da incubatore di lavoro nei settori del web design e del web marketing,\u00a0offrendo l&#8217;opportunit\u00e0\u00a0ai propri studenti di inserirsi immediatamente dopo il diploma in un contesto lavorativo reale e di avanguardia. Le sembra che questa esperienza possa rappresentare un buon esempio di\u00a0 &#8220;alternanza scuola-lavoro&#8221;? Proprio\u00a0per questa\u00a0esperienza &#8220;unica&#8221;,\u00a0il Ministero dell&#8217;Istruzione ha invitato e ospitato il &#8220;Costa&#8221; presso l&#8217;ultima edizione della rassegna &#8220;Job &amp; Orienta&#8221; di Verona.<\/p>\n<p style=\"text-align: justify;\">Ora tutto questo a settembre finir\u00e0.<\/p>\n<p style=\"text-align: justify;\">Tutta l&#8217;esperienza maturata in questi anni di duro lavoro nel riuscire a definire un percorso ed una preparazione d&#8217;eccellenza, capace di rendere i nostri alunni e la nostra scuola una <strong><strong>punta di diamante dell&#8217;istruzione tecnica italiana<\/strong><\/strong> \u00e8 giunta ad un punto in cui non servir\u00e0 pi\u00f9 a nulla.<\/p>\n<p style=\"text-align: justify;\">Dall&#8217;anno venturo i miei colleghi ed io avremo al massimo 2 ore alla settimana da trascorrere in ogni classe e, con tutto l&#8217;ottimismo immaginabile e tutta la buona volont\u00e0 di questo mondo, non sar\u00e0 pi\u00f9 assolutamente possibile continuare sulla strada della specializzazione d&#8217;eccellenza intrapresa sino ad ora.<\/p>\n<p style=\"text-align: justify;\">Probabilmente, e lo spero tanto, mi risponder\u00e0 che non vi \u00e8 alcun problema in quanto, in virt\u00f9 degli <strong><strong>spazi di flessibilit\u00e0<\/strong><\/strong>, il nostro Istituto potr\u00e0 modellare l&#8217;orario settimanale e prevedere ancora 5 e 6 ore di Informatica settimanali per classe.<\/p>\n<p style=\"text-align: justify;\">Ma a scapito di quale materia?<\/p>\n<p style=\"text-align: justify;\">Potremo ridurre o eliminare del tutto, ad esempio, la seconda lingua straniera?<\/p>\n<p style=\"text-align: justify;\">Potremo superare le 32 ore settimanali complessive di lezione e giungere a 34 o 36 ore?<\/p>\n<p style=\"text-align: justify;\">In che modo, pratico ed operativo, si pu\u00f2 gestire quel &#8220;30-35%&#8221; di autonomia di cui si fa riferimento nel documento di presentazione del riordino?<\/p>\n<p style=\"text-align: justify;\">Oppure c&#8217;\u00e8 una pur minima speranza che possiate\u00a0modificare il piano e prevedere la &#8220;conservazione&#8221; (mai termine fu pi\u00f9 inadeguato, data\u00a0l&#8217;innovativit\u00e0 dell&#8217;argomento trattato)\u00a0dell&#8217;indirizzo &#8220;Programmatori&#8221; all&#8217;interno dell&#8217;area Tecnica e del settore Economico?<\/p>\n<p style=\"text-align: justify;\">Grazie per l&#8217;attenzione e Le auguro buon lavoro.<\/p>\n<p style=\"text-align: justify;\">Daniele Manni<\/p>\n<p style=\"text-align: justify;\">Docente di Informatica<\/p>\n<p style=\"text-align: justify;\">ITC Costa &#8211; Lecce<\/p>\n<p style=\"text-align: justify;\">&#8212;&#8212;&#8212;&#8212;&#8212;&#8212;&#8212;&#8212;&#8212;&#8212;&#8212;&#8212;&#8212;&#8212;&#8212;&#8212;<\/p>\n<p style=\"text-align: justify;\">Premi e riconoscimenti dell&#8217;ITC &#8220;Costa&#8221; di Lecce in tema di Informatica \/ Web Design \/ Web Marketing:<\/p>\n<ul style=\"text-align: justify;\" type=\"disc\">\n<li>vincitore nel 2000 del premio USA &#8220;<strong><strong>Best of the Blues Website Award<\/strong><\/strong>&#8221;      della &#8220;International Blues Appreciation and Preservation      Society&#8221; per la progettazione e realizzazione del portale web      &#8220;Blues &amp; Blues&#8221;, (<a href=\"http:\/\/www.bluesandblues.it\/\">www.bluesandblues.it<\/a>);<\/li>\n<li>vincitori per due anni di seguito (2005 e 2006)      del concorso &#8220;<strong><strong>L&#8217;Europa alla Lavagna<\/strong><\/strong>&#8221; indetto      dalla Commissione Europea (<a href=\"http:\/\/www.europaallalavagna.it\/concorso2005.htm\">www.europaallalavagna.it\/concorso2005.htm<\/a>)      per la realizzazione di siti web. Nel 2005 gli alunni sono stati premiati      direttamente dal Presidente della Repubblica Carlo Azeglio Ciampi presso      il Quirinale;<\/li>\n<li>vincitori nel 2006 del premio nazionale &#8220;<strong><strong>Scuola, Creativit\u00e0 e      Innovazione<\/strong><\/strong>&#8221; indetto da Unioncamere (<a href=\"http:\/\/www.unioncamere.it\/Unioncamere_gestione\/allegati\/com_premi_scuola2006.doc\">www.unioncamere.it\/Unioncamere_gestione\/allegati\/com_premi_scuola2006.doc<\/a>)      per il progetto &#8220;SOSInfo&#8221;;<\/li>\n<li>vincitori nel 2006 del concorso nazionale &#8220;<strong><strong>Conoscere e raccontare i      prodotti tipici dell&#8217;agricoltura<\/strong><\/strong>&#8221;      indetto da Agriturist e Confagricoltura\u00a0per la realizzazione      del\u00a0portale &#8220;AgriTipicoItalia&#8221; (<a href=\"http:\/\/www.costa.clio.it\/agritipico\">www.costa.clio.it\/agritipico<\/a>);<\/li>\n<li>riconoscimento nel 2008 di &#8220;<strong><strong>Amministrazione Eccellente<\/strong><\/strong>&#8221;      da parte del Ministro Brunetta per i\u00a0premi ottenuti;<\/li>\n<li>incarico\u00a0da parte di RAI Cinema per la      realizzazione del <strong><strong>sito ufficiale del film &#8220;Galantuomini&#8221;<\/strong><\/strong> (<a href=\"http:\/\/www.galantuomini.it\/\">www.galantuomini.it<\/a>) di Edoardo      Winspeare;<\/li>\n<li>vincitori nel 2009 del &#8220;<strong><strong>Premio Internazionale della      cultura<\/strong><\/strong>&#8221; da parte dell&#8217;A.E.D.E.      Association Europ\u00e9enne des Enseignants per la realizzazione e      pubblicazione del portale &#8220;Discover Salento&#8221; (<a href=\"http:\/\/www.discoversalento.org\/\">www.discoversalento.org<\/a>);<\/li>\n<li>medalglia del Presidente della Repubblica      Giorgio Napolitano nel 2009 per il portale e per il movimento &#8220;<strong><strong>GPace &#8211; Giovani per la Pace<\/strong><\/strong>&#8221;      (<a href=\"http:\/\/www.gpace.net\/\">www.gpace.net<\/a>);<\/li>\n<li style=\"text-align: justify;\">vincitori nel 2009 del &#8220;<strong><strong>Premio Ernesto Alvino<\/strong><\/strong>&#8221;      per l&#8217;attivit\u00e0 di comunicazione attraverso il web.<\/li>\n<\/ul>\n","protected":false},"excerpt":{"rendered":"<p>Avendo ricevuto preghiera di pubblicazione, postiamo qui, all&#8217;interno della rubrica &#8220;dico la mia&#8221; la lettera aperta al Ministro Gelmini del prof. Daniele Manni, dell&#8217;ITC Costa di Lecce _________ Lettera aperta Al Ministro della Pubblica Istruzione Mariastella Gelmini e per conoscenza Al\u00a0Direttore Generale per gli Ordinamenti\u00a0Scolastici Mario Giacomo Dutto Gent.mo Ministro Gelmini, mi chiamo\u00a0Daniele Manni, sono [&hellip;]<\/p>\n","protected":false},"author":3,"featured_media":0,"comment_status":"open","ping_status":"open","sticky":false,"template":"","format":"standard","meta":[],"categories":[7],"tags":[],"_links":{"self":[{"href":"https:\/\/iopartecipo.azionecattolica.it\/index.php?rest_route=\/wp\/v2\/posts\/971"}],"collection":[{"href":"https:\/\/iopartecipo.azionecattolica.it\/index.php?rest_route=\/wp\/v2\/posts"}],"about":[{"href":"https:\/\/iopartecipo.azionecattolica.it\/index.php?rest_route=\/wp\/v2\/types\/post"}],"author":[{"embeddable":true,"href":"https:\/\/iopartecipo.azionecattolica.it\/index.php?rest_route=\/wp\/v2\/users\/3"}],"replies":[{"embeddable":true,"href":"https:\/\/iopartecipo.azionecattolica.it\/index.php?rest_route=%2Fwp%2Fv2%2Fcomments&post=971"}],"version-history":[{"count":3,"href":"https:\/\/iopartecipo.azionecattolica.it\/index.php?rest_route=\/wp\/v2\/posts\/971\/revisions"}],"predecessor-version":[{"id":974,"href":"https:\/\/iopartecipo.azionecattolica.it\/index.php?rest_route=\/wp\/v2\/posts\/971\/revisions\/974"}],"wp:attachment":[{"href":"https:\/\/iopartecipo.azionecattolica.it\/index.php?rest_route=%2Fwp%2Fv2%2Fmedia&parent=971"}],"wp:term":[{"taxonomy":"category","embeddable":true,"href":"https:\/\/iopartecipo.azionecattolica.it\/index.php?rest_route=%2Fwp%2Fv2%2Fcategories&post=971"},{"taxonomy":"post_tag","embeddable":true,"href":"https:\/\/iopartecipo.azionecattolica.it\/index.php?rest_route=%2Fwp%2Fv2%2Ftags&post=971"}],"curies":[{"name":"wp","href":"https:\/\/api.w.org\/{rel}","templated":true}]}}