{"id":976,"date":"2010-01-20T23:55:59","date_gmt":"2010-01-20T22:55:59","guid":{"rendered":"http:\/\/www.azionecattolica.it\/net\/iopartecipo\/?p=976"},"modified":"2010-01-20T23:55:59","modified_gmt":"2010-01-20T22:55:59","slug":"riforma-della-scuola-approvata-anche-dalla-commissione-cultura-della-camera","status":"publish","type":"post","link":"https:\/\/iopartecipo.azionecattolica.it\/?p=976","title":{"rendered":"Riforma della scuola approvata anche dalla Commissione Cultura della Camera"},"content":{"rendered":"<p style=\"text-align: justify;\">manca pochissimo alla riforma della scuola, che ormai resta solo da approvare da parte del Consiglio dei Ministri. Il primo CdM utile \u00e8 previsto per venerd\u00ec 22 gennaio, ma \u00e8 abbastanza improbabile che si tratter\u00e0 della seduta del CdM che approver\u00e0 la riforma Gelmini. Il primo motivo, meramente gossipparo, ma che comunque costiruisce un impedimento &#8220;pratico&#8221; \u00e8 che il Ministro dell&#8217;Istruzione prevede di <strong>SPOSARSI <\/strong>il giorno dopo. Anche se la riforma della scuola superiore potrebbe costituire per lei un bel dono di nozze, per fortuna ci vorr\u00e0 ancora del tempo prima che il testo diventi decreto legge.<\/p>\n<p style=\"text-align: justify;\">Infatti la commissione Cultura della Camera, presieduta da Valentina Aprea, ha offerto il proprio parere favorevole ai tre regolamenti, ma ha proposto alcune modifiche. Ad esempio, che la riforma sia operativa dall&#8217;anno prossimo solo per le prime classi e non per tutto il biennio. e poi, e questo forse piacer\u00e0 al prof di cui abbiamo pubblicato la lettera qualche giorno fa, che il liceo scientifico tecnologico si chiami &#8220;informatico&#8221;.<\/p>\n<p style=\"text-align: justify;\">Notevole \u00e8 il fatto che il parere abbia ricevuto in commissione i soli vti dei deputati della maggioranza, mentre l&#8217;opposizione e persino l&#8217;Udc hanno votato polemicamente contro.<\/p>\n<p style=\"text-align: justify;\">\u00e8 dunque questione di giorni. I prossimi passi della riforma gelmini saranno l&#8217;aprovazione in Consiglio dei Ministri, la firma di Napolitano e la revisione della Corte dei Conti. L&#8217;anno 2010\/2011 sar\u00e0 decisamente l&#8217;anno della nuova riforma.<\/p>\n","protected":false},"excerpt":{"rendered":"<p>manca pochissimo alla riforma della scuola, che ormai resta solo da approvare da parte del Consiglio dei Ministri. Il primo CdM utile \u00e8 previsto per venerd\u00ec 22 gennaio, ma \u00e8 abbastanza improbabile che si tratter\u00e0 della seduta del CdM che approver\u00e0 la riforma Gelmini. Il primo motivo, meramente gossipparo, ma che comunque costiruisce un impedimento [&hellip;]<\/p>\n","protected":false},"author":3,"featured_media":0,"comment_status":"open","ping_status":"open","sticky":false,"template":"","format":"standard","meta":[],"categories":[12],"tags":[],"_links":{"self":[{"href":"https:\/\/iopartecipo.azionecattolica.it\/index.php?rest_route=\/wp\/v2\/posts\/976"}],"collection":[{"href":"https:\/\/iopartecipo.azionecattolica.it\/index.php?rest_route=\/wp\/v2\/posts"}],"about":[{"href":"https:\/\/iopartecipo.azionecattolica.it\/index.php?rest_route=\/wp\/v2\/types\/post"}],"author":[{"embeddable":true,"href":"https:\/\/iopartecipo.azionecattolica.it\/index.php?rest_route=\/wp\/v2\/users\/3"}],"replies":[{"embeddable":true,"href":"https:\/\/iopartecipo.azionecattolica.it\/index.php?rest_route=%2Fwp%2Fv2%2Fcomments&post=976"}],"version-history":[{"count":1,"href":"https:\/\/iopartecipo.azionecattolica.it\/index.php?rest_route=\/wp\/v2\/posts\/976\/revisions"}],"predecessor-version":[{"id":977,"href":"https:\/\/iopartecipo.azionecattolica.it\/index.php?rest_route=\/wp\/v2\/posts\/976\/revisions\/977"}],"wp:attachment":[{"href":"https:\/\/iopartecipo.azionecattolica.it\/index.php?rest_route=%2Fwp%2Fv2%2Fmedia&parent=976"}],"wp:term":[{"taxonomy":"category","embeddable":true,"href":"https:\/\/iopartecipo.azionecattolica.it\/index.php?rest_route=%2Fwp%2Fv2%2Fcategories&post=976"},{"taxonomy":"post_tag","embeddable":true,"href":"https:\/\/iopartecipo.azionecattolica.it\/index.php?rest_route=%2Fwp%2Fv2%2Ftags&post=976"}],"curies":[{"name":"wp","href":"https:\/\/api.w.org\/{rel}","templated":true}]}}