{"id":996,"date":"2010-01-27T23:37:57","date_gmt":"2010-01-27T22:37:57","guid":{"rendered":"http:\/\/www.azionecattolica.it\/net\/iopartecipo\/?p=996"},"modified":"2010-01-27T23:37:57","modified_gmt":"2010-01-27T22:37:57","slug":"anche-la-commissione-cultura-del-senato-approva-la-riforma","status":"publish","type":"post","link":"https:\/\/iopartecipo.azionecattolica.it\/?p=996","title":{"rendered":"Anche la commissione cultura del Senato approva la riforma"},"content":{"rendered":"<p>\u00e8 arrivato anche l&#8217;ultimo parere prima del varo definitivo al Consiglio dei Ministri<\/p>\n<p>La riforma di licei, tecnici e professionali colleziona quindi un altro voto, dopo quello della VII commissione Cultura della Camera<\/p>\n<p>Anche la commissione del Senato ha detto s\u00ec, ma con alcune importanti condizioni, che potrebbero mettere in difficolt\u00e0 il Governo<\/p>\n<ul>\n<li>inizio della riforma nell&#8217;anno 2010\/2011 s\u00ec, ma solo a partire dalle prime classi (non il biennio, cio\u00e8 le prime di quest&#8217;anno scolastico)<\/li>\n<li style=\"text-align: justify;\">invito a &#8220;<span style=\"font-size: x-small;\"><em>riconsiderare, nel contesto del medesimo quadro orario complessivo, la riduzione delle discipline scientifiche e di indirizzo\u201d, <em>specie per i professionali, per i quali si \u00e8 chiesto di non &#8220;tagliare&#8221; pi\u00f9 di 2 ore a settimana (che gi\u00e0 in un anno sono tantissime!)<\/em><\/em><\/span><\/li>\n<li style=\"text-align: justify;\"><span style=\"font-size: x-small;\"><em>revisione del riordino delle cattedre, come gi\u00e0 suggerito dal parere del Consiglio di Stato, tramite regolamenti e non decreti (ci vorr\u00e0 quindi pi\u00f9 tempo)<br \/>\n<\/em><\/span><\/li>\n<\/ul>\n<p>vedremo come il Consiglio dei Inistri recepir\u00e0 tali condizioni&#8230; intanto la riforma slitta per ora alla fine di marzo<\/p>\n","protected":false},"excerpt":{"rendered":"<p>\u00e8 arrivato anche l&#8217;ultimo parere prima del varo definitivo al Consiglio dei Ministri La riforma di licei, tecnici e professionali colleziona quindi un altro voto, dopo quello della VII commissione Cultura della Camera Anche la commissione del Senato ha detto s\u00ec, ma con alcune importanti condizioni, che potrebbero mettere in difficolt\u00e0 il Governo inizio della [&hellip;]<\/p>\n","protected":false},"author":3,"featured_media":0,"comment_status":"open","ping_status":"open","sticky":false,"template":"","format":"standard","meta":[],"categories":[12],"tags":[],"_links":{"self":[{"href":"https:\/\/iopartecipo.azionecattolica.it\/index.php?rest_route=\/wp\/v2\/posts\/996"}],"collection":[{"href":"https:\/\/iopartecipo.azionecattolica.it\/index.php?rest_route=\/wp\/v2\/posts"}],"about":[{"href":"https:\/\/iopartecipo.azionecattolica.it\/index.php?rest_route=\/wp\/v2\/types\/post"}],"author":[{"embeddable":true,"href":"https:\/\/iopartecipo.azionecattolica.it\/index.php?rest_route=\/wp\/v2\/users\/3"}],"replies":[{"embeddable":true,"href":"https:\/\/iopartecipo.azionecattolica.it\/index.php?rest_route=%2Fwp%2Fv2%2Fcomments&post=996"}],"version-history":[{"count":1,"href":"https:\/\/iopartecipo.azionecattolica.it\/index.php?rest_route=\/wp\/v2\/posts\/996\/revisions"}],"predecessor-version":[{"id":997,"href":"https:\/\/iopartecipo.azionecattolica.it\/index.php?rest_route=\/wp\/v2\/posts\/996\/revisions\/997"}],"wp:attachment":[{"href":"https:\/\/iopartecipo.azionecattolica.it\/index.php?rest_route=%2Fwp%2Fv2%2Fmedia&parent=996"}],"wp:term":[{"taxonomy":"category","embeddable":true,"href":"https:\/\/iopartecipo.azionecattolica.it\/index.php?rest_route=%2Fwp%2Fv2%2Fcategories&post=996"},{"taxonomy":"post_tag","embeddable":true,"href":"https:\/\/iopartecipo.azionecattolica.it\/index.php?rest_route=%2Fwp%2Fv2%2Ftags&post=996"}],"curies":[{"name":"wp","href":"https:\/\/api.w.org\/{rel}","templated":true}]}}